{"id":1603,"date":"2023-09-09T14:14:47","date_gmt":"2023-09-09T14:14:47","guid":{"rendered":"https:\/\/the7.io\/corporate\/?p=1"},"modified":"2024-05-30T12:01:06","modified_gmt":"2024-05-30T12:01:06","slug":"cecilia-rosario-acreditada-como-embaixadora-no-reino-da-suecia","status":"publish","type":"post","link":"https:\/\/angolaemb-se.org\/?p=1603","title":{"rendered":"Cec\u00edlia Ros\u00e1rio acreditada como Embaixadora no Reino da Su\u00e9cia"},"content":{"rendered":"\t\t<div data-elementor-type=\"wp-post\" data-elementor-id=\"1603\" class=\"elementor elementor-1603\">\n\t\t\t\t<div class=\"elementor-element elementor-element-7edab73f e-flex e-con-boxed e-con e-parent\" data-id=\"7edab73f\" data-element_type=\"container\" data-e-type=\"container\">\n\t\t\t\t\t<div class=\"e-con-inner\">\n\t\t\t\t<div class=\"elementor-element elementor-element-32e68459 elementor-widget elementor-widget-text-editor\" data-id=\"32e68459\" data-element_type=\"widget\" data-e-type=\"widget\" data-widget_type=\"text-editor.default\">\n\t\t\t\t<div class=\"elementor-widget-container\">\n\t\t\t\t\t\t\t\t\t<p style=\"text-align: justify;\">A cerim\u00f3nia foi realizada no Pal\u00e1cio Real, em Estocolmo, Su\u00e9cia, durante uma audi\u00eancia concedida pelo Rei Carlos Gustavo XVI.<\/p>\n<p style=\"text-align: justify;\">Embaixadora do quadro da carreira diplom\u00e1tica, Cec\u00edlia Ros\u00e1rio desempenhou, entre outras, as fun\u00e7\u00f5es de c\u00f4nsul-geral de Angola em Lisboa, Rep\u00fablica Portuguesa, directora-geral do Instituto das Comunidades Angolanas no Exterior e Servi\u00e7os Consulares (ICAESC) e de embaixadora extraordin\u00e1ria e plenipotenci\u00e1ria de Angola na Confedera\u00e7\u00e3o Helv\u00e9tica, em Berna\/Su\u00ed\u00e7a.<\/p>\n<p style=\"text-align: justify;\">Segundo um comunicado, a prioridade da nova chefe da Miss\u00e3o Diplom\u00e1tica de Angola na Su\u00e9cia \u00e9 estreitar e fortalecer a rela\u00e7\u00e3o pol\u00edtica entre Angola e aquele pa\u00eds, bem como identificar \u00e1reas de coopera\u00e7\u00e3o mutuamente vantajosas.<\/p>\n<p style=\"text-align: justify;\">Localizado na pen\u00ednsula escandinava na Europa do Norte, o Reino da Su\u00e9cia tem fronteiras terrestres com a Noruega, a Oeste, e com a Finl\u00e2ndia, a Nordeste, sendo banhada pelo Mar B\u00e1ltico a Leste e a Sul. Est\u00e1 separada da Dinamarca a Sudoeste pelo estreito de \u00d6resund, sobre o qual corre a ponte de \u00d6resund.<\/p>\n<p style=\"text-align: justify;\">Com uma \u00e1rea terrestre de 407.311 km2, um comprimento de 1 572 km e uma largura de 499 quil\u00f3metros, a Su\u00e9cia \u00e9 o terceiro maior pa\u00eds da Uni\u00e3o Europeia em termos de superf\u00edcie. \u00c9 constitu\u00edda por um terreno plano ou ondulado na sua parte Sul, enquanto a parte Norte apresenta uma plan\u00edcie costeira seguida de um interior acidentado, culminando em alta montanha junto \u00e0 fronteira com a Noruega.<\/p>\n<p style=\"text-align: justify;\">O Reino da Su\u00e9cia possui uma popula\u00e7\u00e3o total de 10.523.709 habitantes (2023). Apresenta uma baixa densidade populacional, com cerca de 23 hab.\/km\u00b2, mas conta todavia com uma densidade consideravelmente maior na metade Sul do pa\u00eds.<\/p>\n<p style=\"text-align: justify;\">Cerca de 85% da popula\u00e7\u00e3o vive em \u00e1reas urbanas. A capital e maior cidade do pa\u00eds \u00e9 Estocolmo (com uma popula\u00e7\u00e3o de 1,3 milh\u00e3o na \u00e1rea urbana e de 2 milh\u00f5es na \u00e1rea metropolitana), centro do poder pol\u00edtico e econ\u00f3mico do pa\u00eds.<\/p>\t\t\t\t\t\t\t\t<\/div>\n\t\t\t\t<\/div>\n\t\t\t\t\t<\/div>\n\t\t\t\t<\/div>\n\t\t<div class=\"elementor-element elementor-element-794ee38 e-flex e-con-boxed e-con e-parent\" data-id=\"794ee38\" data-element_type=\"container\" data-e-type=\"container\">\n\t\t\t\t\t<div class=\"e-con-inner\">\n\t\t\t\t\t<\/div>\n\t\t\t\t<\/div>\n\t\t\t\t<\/div>\n\t\t","protected":false},"excerpt":{"rendered":"<p>A embaixadora Cec\u00edlia Caldeira da Concei\u00e7\u00e3o Ros\u00e1rio procedeu, quarta-feira, em Estocolmo, \u00e0 entrega das cartas credenciais que a oficializam como chefe da Miss\u00e3o Diplom\u00e1tica de Angola junto do Reino da Su\u00e9cia.<\/p>\n","protected":false},"author":1,"featured_media":2035,"comment_status":"closed","ping_status":"closed","sticky":false,"template":"","format":"standard","meta":{"om_disable_all_campaigns":false,"_themeisle_gutenberg_block_has_review":false,"footnotes":""},"categories":[7],"tags":[],"class_list":["post-1603","post","type-post","status-publish","format-standard","has-post-thumbnail","hentry","category-international"],"aioseo_notices":[],"_links":{"self":[{"href":"https:\/\/angolaemb-se.org\/index.php?rest_route=\/wp\/v2\/posts\/1603","targetHints":{"allow":["GET"]}}],"collection":[{"href":"https:\/\/angolaemb-se.org\/index.php?rest_route=\/wp\/v2\/posts"}],"about":[{"href":"https:\/\/angolaemb-se.org\/index.php?rest_route=\/wp\/v2\/types\/post"}],"author":[{"embeddable":true,"href":"https:\/\/angolaemb-se.org\/index.php?rest_route=\/wp\/v2\/users\/1"}],"replies":[{"embeddable":true,"href":"https:\/\/angolaemb-se.org\/index.php?rest_route=%2Fwp%2Fv2%2Fcomments&post=1603"}],"version-history":[{"count":19,"href":"https:\/\/angolaemb-se.org\/index.php?rest_route=\/wp\/v2\/posts\/1603\/revisions"}],"predecessor-version":[{"id":2870,"href":"https:\/\/angolaemb-se.org\/index.php?rest_route=\/wp\/v2\/posts\/1603\/revisions\/2870"}],"wp:featuredmedia":[{"embeddable":true,"href":"https:\/\/angolaemb-se.org\/index.php?rest_route=\/wp\/v2\/media\/2035"}],"wp:attachment":[{"href":"https:\/\/angolaemb-se.org\/index.php?rest_route=%2Fwp%2Fv2%2Fmedia&parent=1603"}],"wp:term":[{"taxonomy":"category","embeddable":true,"href":"https:\/\/angolaemb-se.org\/index.php?rest_route=%2Fwp%2Fv2%2Fcategories&post=1603"},{"taxonomy":"post_tag","embeddable":true,"href":"https:\/\/angolaemb-se.org\/index.php?rest_route=%2Fwp%2Fv2%2Ftags&post=1603"}],"curies":[{"name":"wp","href":"https:\/\/api.w.org\/{rel}","templated":true}]}}