{"id":305,"date":"2022-06-11T10:32:50","date_gmt":"2022-06-11T10:32:50","guid":{"rendered":"https:\/\/the7.io\/beauty-studio\/?p=305"},"modified":"2023-11-05T15:14:05","modified_gmt":"2023-11-05T15:14:05","slug":"angola-na-reuniao-dos-ministros-dos-negocios-estrangeiros-nordicos-com-africa","status":"publish","type":"post","link":"https:\/\/angolaemb-se.org\/?p=305","title":{"rendered":"Angola na reuni\u00e3o dos Ministros dos Neg\u00f3cios Estrangeiros N\u00f3rdicos com \u00c1frica"},"content":{"rendered":"\t\t<div data-elementor-type=\"wp-post\" data-elementor-id=\"305\" class=\"elementor elementor-305\">\n\t\t\t\t<div class=\"elementor-element elementor-element-29d04c7f e-flex e-con-boxed e-con e-parent\" data-id=\"29d04c7f\" data-element_type=\"container\" data-e-type=\"container\">\n\t\t\t\t\t<div class=\"e-con-inner\">\n\t\t\t\t<div class=\"elementor-element elementor-element-6524ab6a elementor-widget elementor-widget-text-editor\" data-id=\"6524ab6a\" data-element_type=\"widget\" data-e-type=\"widget\" data-widget_type=\"text-editor.default\">\n\t\t\t\t<div class=\"elementor-widget-container\">\n\t\t\t\t\t\t\t\t\t<p style=\"text-align: justify;\">A referida reuni\u00e3o visa, entre outros aspectos, desenvolver um di\u00e1logo informal a n\u00edvel ministerial, sobre mat\u00e9rias relacionadas com a Paz e Seguran\u00e7a, Sociedades Sustent\u00e1veis e na Coopera\u00e7\u00e3o nos Fora Multilaterais, avan\u00e7a um comunicado de imprensa do Minist\u00e9rio das Rela\u00e7\u00f5es Exteriores enviado ao Jornal de Angola.<\/p>\n<p style=\"text-align: justify;\">Esmeralda Mendon\u00e7a que participa neste evento em representa\u00e7\u00e3o do ministro das Rela\u00e7\u00f5es Exteriores, T\u00e9te Ant\u00f3nio, dever\u00e1 aproveitar o momento para analisar aspectos relacionados com a coopera\u00e7\u00e3o bilateral entre Angola e os pa\u00edses N\u00f3rdicos, bem como assuntos multilaterais da actualidade.<\/p>\n<p style=\"text-align: justify;\">A XIX Reuni\u00e3o dos Ministros dos Neg\u00f3cios Estrangeiros N\u00f3rdicos com \u00c1frica \u00e9 uma plataforma informal que aborda sobre os mais variados desafios da comunidade internacional, com destaque para a Paz e Seguran\u00e7a, Objectivos do Desenvolvimento Sustent\u00e1vel, Luta Contra o Terrorismo, Migra\u00e7\u00e3o, Direitos Humanos, Igualdade do G\u00e9nero.<\/p>\n<p style=\"text-align: justify;\">Os pa\u00edses n\u00f3rdicos constituem uma regi\u00e3o da Europa setentrional e do Atl\u00e2ntico Norte, composta pela Dinamarca, Finl\u00e2ndia, Isl\u00e2ndia, Noruega e Su\u00e9cia, e as regi\u00f5es aut\u00f3nomas das Ilhas Faro\u00e9, arquip\u00e9lago da \u00c5land e Gronel\u00e2ndia.<\/p>\n<p style=\"text-align: justify;\">A regi\u00e3o de cinco Estados-na\u00e7\u00e3o e tr\u00eas regi\u00f5es aut\u00f3nomas compartilham uma hist\u00f3ria em comum, bem como afinidades culturais e sociais em suas respectivas sociedades, com reflexo nos sistemas pol\u00edticos e no modelo n\u00f3rdico.<\/p>\n<p style=\"text-align: justify;\">Politicamente, os pa\u00edses n\u00f3rdicos n\u00e3o formam uma entidade separada, mas cooperam no \u00e2mbito do Conselho N\u00f3rdico e, em menor grau, da Uni\u00e3o Europeia.<\/p>\n\n<a href=\"https:\/\/www.jornaldeangola.ao\/ao\/noticias\/angola-na-reuniao-dos-ministros-dos-negocios-estrangeiros-nordicos-com-africa\/\">Fonte de Pesquisa<\/a>\t\t\t\t\t\t\t\t<\/div>\n\t\t\t\t<\/div>\n\t\t\t\t\t<\/div>\n\t\t\t\t<\/div>\n\t\t\t\t<\/div>\n\t\t","protected":false},"excerpt":{"rendered":"<p>A secret\u00e1ria de Estado para as Rela\u00e7\u00f5es Exteriores, Esmeralda Mendon\u00e7a, deixou, esta sexta-feira, Luanda com destino a Hels\u00ednquia, Rep\u00fablica da Finl\u00e2ndia, para participar na XIX Reuni\u00e3o dos Ministros dos Neg\u00f3cios Estrangeiros N\u00f3rdicos com \u00c1frica.<\/p>\n","protected":false},"author":1,"featured_media":2879,"comment_status":"closed","ping_status":"closed","sticky":false,"template":"","format":"standard","meta":{"om_disable_all_campaigns":false,"_themeisle_gutenberg_block_has_review":false,"footnotes":""},"categories":[5,7],"tags":[],"class_list":["post-305","post","type-post","status-publish","format-standard","has-post-thumbnail","hentry","category-business","category-international"],"aioseo_notices":[],"_links":{"self":[{"href":"https:\/\/angolaemb-se.org\/index.php?rest_route=\/wp\/v2\/posts\/305","targetHints":{"allow":["GET"]}}],"collection":[{"href":"https:\/\/angolaemb-se.org\/index.php?rest_route=\/wp\/v2\/posts"}],"about":[{"href":"https:\/\/angolaemb-se.org\/index.php?rest_route=\/wp\/v2\/types\/post"}],"author":[{"embeddable":true,"href":"https:\/\/angolaemb-se.org\/index.php?rest_route=\/wp\/v2\/users\/1"}],"replies":[{"embeddable":true,"href":"https:\/\/angolaemb-se.org\/index.php?rest_route=%2Fwp%2Fv2%2Fcomments&post=305"}],"version-history":[{"count":3,"href":"https:\/\/angolaemb-se.org\/index.php?rest_route=\/wp\/v2\/posts\/305\/revisions"}],"predecessor-version":[{"id":2883,"href":"https:\/\/angolaemb-se.org\/index.php?rest_route=\/wp\/v2\/posts\/305\/revisions\/2883"}],"wp:featuredmedia":[{"embeddable":true,"href":"https:\/\/angolaemb-se.org\/index.php?rest_route=\/wp\/v2\/media\/2879"}],"wp:attachment":[{"href":"https:\/\/angolaemb-se.org\/index.php?rest_route=%2Fwp%2Fv2%2Fmedia&parent=305"}],"wp:term":[{"taxonomy":"category","embeddable":true,"href":"https:\/\/angolaemb-se.org\/index.php?rest_route=%2Fwp%2Fv2%2Fcategories&post=305"},{"taxonomy":"post_tag","embeddable":true,"href":"https:\/\/angolaemb-se.org\/index.php?rest_route=%2Fwp%2Fv2%2Ftags&post=305"}],"curies":[{"name":"wp","href":"https:\/\/api.w.org\/{rel}","templated":true}]}}