{"id":309,"date":"2023-11-05T08:34:50","date_gmt":"2023-11-05T08:34:50","guid":{"rendered":"https:\/\/the7.io\/beauty-studio\/?p=309"},"modified":"2024-09-28T14:35:13","modified_gmt":"2024-09-28T14:35:13","slug":"luanda-acolheu-este-sabado-cimeira-da-sadc-sobre-crise-de-seguranca-na-rdc","status":"publish","type":"post","link":"https:\/\/angolaemb-se.org\/?p=309","title":{"rendered":"Presidente em exerc\u00edcio da SADC apela \u00e0 paz definitiva na RDC"},"content":{"rendered":"\t\t<div data-elementor-type=\"wp-post\" data-elementor-id=\"309\" class=\"elementor elementor-309\">\n\t\t\t\t<div class=\"elementor-element elementor-element-4fdf9d47 e-flex e-con-boxed e-con e-parent\" data-id=\"4fdf9d47\" data-element_type=\"container\" data-e-type=\"container\">\n\t\t\t\t\t<div class=\"e-con-inner\">\n\t\t\t\t<div class=\"elementor-element elementor-element-63440164 elementor-widget elementor-widget-text-editor\" data-id=\"63440164\" data-element_type=\"widget\" data-e-type=\"widget\" data-widget_type=\"text-editor.default\">\n\t\t\t\t<div class=\"elementor-widget-container\">\n\t\t\t\t\t\t\t\t\t<p style=\"text-align: justify; line-height: 200%; background: white; vertical-align: baseline; margin: 0cm 0cm 22.5pt 0cm;\"><span style=\"font-family: 'Noto Sans',sans-serif; color: #464646;\">Jo\u00e3o Louren\u00e7o, que det\u00e9m a presid\u00eancia da SADC, justificou a medida como forma de permitir a RDC alcan\u00e7ar o crescimento econ\u00f3mico sustent\u00e1vel e realizar com tranquilidade as elei\u00e7\u00f5es em Dezembro pr\u00f3ximo.<\/span><\/p><p style=\"text-align: justify; line-height: 200%; background: white; vertical-align: baseline; margin: 0cm 0cm 22.5pt 0cm;\"><span style=\"font-family: 'Noto Sans',sans-serif; color: #464646;\">&#8220;Devemos encontrar as melhores solu\u00e7\u00f5es para ajudarmos os nossos irm\u00e3os da RDC a encontrarem a paz de que necessitam, n\u00e3o apenas para poderem realizar, com tranquilidade, as elei\u00e7\u00f5es em Dezembro pr\u00f3ximo, mas uma paz que seja definitiva e que possa ajudar o grande gigante da regi\u00e3o e do continente a se desenvolver economicamente\u201d, afirmou o Chefe de Estado, nas breves palavras de circunst\u00e2ncia, proferidas na abertura da Cimeira Extraordin\u00e1ria da SADC.<\/span><\/p><p style=\"text-align: justify; line-height: 200%; background: white; vertical-align: baseline; margin: 0cm 0cm 22.5pt 0cm;\"><span style=\"font-family: 'Noto Sans',sans-serif; color: #464646;\">O Presidente Jo\u00e3o Louren\u00e7o agradeceu aos hom\u00f3logos por aceitarem participar na Cimeira da organiza\u00e7\u00e3o regional e assumirem\u00a0 o &#8220;compromisso inabal\u00e1vel\u201d para com a paz, seguran\u00e7a e desenvolvimento da SADC.<\/span><\/p><p style=\"text-align: justify; line-height: 200%; background: white; vertical-align: baseline; margin: 0cm 0cm 22.5pt 0cm;\"><span style=\"font-family: 'Noto Sans',sans-serif; color: #464646;\">Os Chefes de Estado e de Governo, no comunicado final do evento, estenderam apre\u00e7o ao Presidente Jo\u00e3o Louren\u00e7o, por ter &#8220;acolhido com sucesso\u201d a Cimeira Extraordin\u00e1ria de Luanda.<\/span><\/p><p style=\"text-align: justify; line-height: 200%; background: white; vertical-align: baseline; margin: 0cm 0cm 22.5pt 0cm;\"><span style=\"font-family: 'Noto Sans',sans-serif; color: #464646;\">Al\u00e9m do Chefe de Estado angolano participaram na Cimeira os Presidentes F\u00e9lix Tshisekedi, da RDC; Cyril Ramaphosa, da \u00c1frica do Sul; Samia Suluhu Hassan, da Tanz\u00e2nia; Hakainde Hichilema, da Z\u00e2mbia;\u00a0 e Emmerson Mnangagwa, do Zimbabwe. Da Nam\u00edbia veio o Vice-Presidente, Nangolo Mbumba, enquanto o Reino do Lesotho fez-se representar pelo Primeiro-Ministro, Ntsokoane Matekane.<\/span><\/p><p style=\"text-align: justify; line-height: 200%; background: white; vertical-align: baseline; margin: 0cm 0cm 22.5pt 0cm;\"><span style=\"font-family: 'Noto Sans',sans-serif; color: #464646;\">Mo\u00e7ambique, Malawi e Botswana fizeram-se representar pelos ministros dos Neg\u00f3cios Estrangeiros, respectivamente, Ver\u00f3nica Dlhovo, Nancy Tembo e Lemogang Kwape.<\/span><\/p><p style=\"text-align: justify; line-height: 200%; background: white; vertical-align: baseline; margin: 0cm 0cm 22.5pt 0cm;\"><span style=\"font-family: 'Noto Sans',sans-serif; color: #464646;\">O Reino de Eswatini enviou a secret\u00e1ria principal junto do Minist\u00e9rio do Planeamento Econ\u00f3mico e Desenvolvimento, Thabisile Mlangeni.<\/span><\/p><p style=\"text-align: justify; line-height: 200%; background: white; vertical-align: baseline; margin: 0cm 0cm 22.5pt 0cm;\"><span style=\"font-family: 'Noto Sans',sans-serif; color: #464646;\">\u00a0 <b>Cimeira baixa &#8220;orienta\u00e7\u00f5es estrat\u00e9gicas\u201d com vista \u00e0 restaura\u00e7\u00e3o da estabilidade<\/b><\/span><\/p><p style=\"text-align: justify; line-height: 200%; background: white; vertical-align: baseline; margin: 0cm 0cm 22.5pt 0cm;\"><span style=\"font-family: 'Noto Sans',sans-serif; color: #464646;\">A Cimeira de Chefes de Estado e de Governo da Comunidade de Desenvolvimento da \u00c1frica Austral (SADC) baixou, ontem, em Luanda, &#8220;orienta\u00e7\u00f5es estrat\u00e9gicas\u201d ao destacamento da Miss\u00e3o desta organiza\u00e7\u00e3o regional na Rep\u00fablica Democr\u00e1tica do Congo (SAMIRDC), destinadas a restaura\u00e7\u00e3o da paz e seguran\u00e7a naquele pa\u00eds.<\/span><\/p><p style=\"text-align: justify; line-height: 200%; background: white; vertical-align: baseline; margin: 0cm 0cm 22.5pt 0cm;\"><span style=\"font-family: 'Noto Sans',sans-serif; color: #464646;\">A decis\u00e3o expressa em comunicado final, no termo da Cimeira Extraordin\u00e1ria de Chefes de Estado e de Governo da SADC, decorrida ontem, numa das unidades hoteleiras de Luanda, surge na sequ\u00eancia da deteriora\u00e7\u00e3o, nos \u00faltimos dias, da situa\u00e7\u00e3o de seguran\u00e7a e humanit\u00e1ria no Leste da Rep\u00fablica Democr\u00e1tica do Congo (RDC), com relatos de retoma dos ataques e ocupa\u00e7\u00e3o de parcelas do territ\u00f3rio pelo grupo armado M23, numa clara viola\u00e7\u00e3o do cessar-fogo.<\/span><\/p><p style=\"text-align: justify; line-height: 200%; background: white; vertical-align: baseline; margin: 0cm 0cm 22.5pt 0cm;\"><span style=\"font-family: 'Noto Sans',sans-serif; color: #464646;\">Os Chefes de Estado da SADC conferiram, por isso, mandato ao Presidente em exerc\u00edcio da organiza\u00e7\u00e3o regional, Jo\u00e3o Louren\u00e7o, que, auxiliado pela Troika do \u00d3rg\u00e3o, intensifique esfor\u00e7os diplom\u00e1ticos entre a Rep\u00fablica Democr\u00e1tica do Congo e do Rwanda, com vista \u00e0 consecu\u00e7\u00e3o de uma paz duradoura na RDC.<\/span><\/p><p style=\"text-align: justify; line-height: 200%; background: white; vertical-align: baseline; margin: 0cm 0cm 22.5pt 0cm;\"><span style=\"font-family: 'Noto Sans',sans-serif; color: #464646;\">A Cimeira extraordin\u00e1ria, convocada pelo Presidente Jo\u00e3o Louren\u00e7o, tamb\u00e9m reiterou a necessidade de a SADC liderar os esfor\u00e7os tendentes \u00e0 mobiliza\u00e7\u00e3o de recursos, com vista a propiciar a paz e a seguran\u00e7a na regi\u00e3o Austral.<\/span><\/p><p style=\"text-align: justify; line-height: 200%; background: white; vertical-align: baseline; margin: 0cm 0cm 22.5pt 0cm;\"><span style=\"font-family: 'Noto Sans',sans-serif; color: #464646;\">Tais esfor\u00e7os contemplam o reatar das discuss\u00f5es destinadas a estabelecer e tornar operacional o Fundo de Paz da organiza\u00e7\u00e3o regional, com a participa\u00e7\u00e3o dos Parceiros de Coopera\u00e7\u00e3o Internacionais.<\/span><\/p><p style=\"text-align: justify; line-height: 200%; background: white; vertical-align: baseline; margin: 0cm 0cm 22.5pt 0cm;\"><span style=\"font-family: 'Noto Sans',sans-serif; color: #464646;\">Os Chefes de Estado e de Governo da organiza\u00e7\u00e3o regional enalteceram, a prop\u00f3sito, os esfor\u00e7os dos Estados-membros que apresentaram propostas de contribui\u00e7\u00e3o com meios suplementares para o destacamento da Miss\u00e3o da SADC na RDC. A Cimeira elogiou os esfor\u00e7os empreendidos pelo Presidente Jo\u00e3o Louren\u00e7o, na qualidade de Campe\u00e3o da Paz e Reconcilia\u00e7\u00e3o da Uni\u00e3o Africana, na procura da paz no Leste da RDC.<\/span><\/p><p style=\"text-align: justify; line-height: 200%; background: white; vertical-align: baseline; margin: 0cm 0cm 22.5pt 0cm;\"><span style=\"font-family: 'Noto Sans',sans-serif; color: #464646;\">\u00a0 <b>Elei\u00e7\u00f5es nos Estados-membros<\/b><\/span><\/p><p style=\"text-align: justify; line-height: 200%; background: white; vertical-align: baseline; margin: 0cm 0cm 22.5pt 0cm;\"><span style=\"font-family: 'Noto Sans',sans-serif; color: #464646;\">A Cimeira recebeu uma informa\u00e7\u00e3o actualizada sobre as elei\u00e7\u00f5es realizadas nos Estados-membros e tomou nota do relat\u00f3rio da Miss\u00e3o de Observa\u00e7\u00e3o Eleitoral da SADC das elei\u00e7\u00f5es harmonizadas na Rep\u00fablica do Zimbabwe, em Agosto \u00faltimo, e das elei\u00e7\u00f5es gerais realizadas no Reino de e-Swatini, em Setembro deste ano.<\/span><\/p><p style=\"text-align: justify; line-height: 200%; background: white; vertical-align: baseline; margin: 0cm 0cm 22.5pt 0cm;\"><span style=\"font-family: 'Noto Sans',sans-serif; color: #464646;\">Os Chefes de Estado desejaram \u00e0s Rep\u00fablicas de Madag\u00e1scar e Democr\u00e1tica do Congo elei\u00e7\u00f5es pac\u00edficas e bem-sucedidas, numa altura em que os dois pa\u00edses se preparam para a vota\u00e7\u00e3o este m\u00eas e Dezembro, respectivamente. Reiteraram o apoio da SADC mediante o destacamento da Miss\u00e3o de Observa\u00e7\u00e3o Eleitoral da organiza\u00e7\u00e3o regional.<\/span><\/p><p style=\"text-align: justify; line-height: 200%; background: white; vertical-align: baseline; margin: 0cm 0cm 22.5pt 0cm;\"><span style=\"font-family: 'Noto Sans',sans-serif; color: #464646;\">Aos partidos pol\u00edticos com assento na Assembleia Nacional do Reino do Lesotho foi reiterada a &#8220;necessidade urgente\u201d de tudo fazerem para assegurar a concretiza\u00e7\u00e3o do processo de reformas, no interesse da estabilidade pol\u00edtica, econ\u00f3mica e de seguran\u00e7a nacional.<\/span><\/p><p style=\"text-align: justify; line-height: 200%; background: white; vertical-align: baseline; margin: 0cm 0cm 22.5pt 0cm;\"><span style=\"font-family: 'Noto Sans',sans-serif; color: #464646;\">A Cimeira Extraordin\u00e1ria de Luanda tamb\u00e9m felicitou o Chefe de Estado da Z\u00e2mbia e presidente do \u00d3rg\u00e3o de Coopera\u00e7\u00e3o nas \u00c1reas\u00a0 de Pol\u00edtica, Defesa e Seguran\u00e7a da SADC, Hakainde Hichilema, pela lideran\u00e7a na manuten\u00e7\u00e3o de uma paz e seguran\u00e7a duradoira na regi\u00e3o.<\/span><\/p>\t\t\t\t\t\t\t\t<\/div>\n\t\t\t\t<\/div>\n\t\t\t\t\t<\/div>\n\t\t\t\t<\/div>\n\t\t\t\t<\/div>\n\t\t","protected":false},"excerpt":{"rendered":"<p>O Presidente Jo\u00e3o Louren\u00e7o, apelou, s\u00e1bado, aos demais Chefes de Estado e de Governo da SADC no sentido de se encontrarem as \u201cmelhores solu\u00e7\u00f5es\u201d para o estabelecimento da paz definitiva na Rep\u00fablica Democr\u00e1tica do Congo (RDC).<\/p>\n","protected":false},"author":1,"featured_media":2828,"comment_status":"closed","ping_status":"closed","sticky":false,"template":"","format":"standard","meta":{"om_disable_all_campaigns":false,"_themeisle_gutenberg_block_has_review":false,"footnotes":""},"categories":[7],"tags":[],"class_list":["post-309","post","type-post","status-publish","format-standard","has-post-thumbnail","hentry","category-international"],"aioseo_notices":[],"_links":{"self":[{"href":"https:\/\/angolaemb-se.org\/index.php?rest_route=\/wp\/v2\/posts\/309","targetHints":{"allow":["GET"]}}],"collection":[{"href":"https:\/\/angolaemb-se.org\/index.php?rest_route=\/wp\/v2\/posts"}],"about":[{"href":"https:\/\/angolaemb-se.org\/index.php?rest_route=\/wp\/v2\/types\/post"}],"author":[{"embeddable":true,"href":"https:\/\/angolaemb-se.org\/index.php?rest_route=\/wp\/v2\/users\/1"}],"replies":[{"embeddable":true,"href":"https:\/\/angolaemb-se.org\/index.php?rest_route=%2Fwp%2Fv2%2Fcomments&post=309"}],"version-history":[{"count":24,"href":"https:\/\/angolaemb-se.org\/index.php?rest_route=\/wp\/v2\/posts\/309\/revisions"}],"predecessor-version":[{"id":3301,"href":"https:\/\/angolaemb-se.org\/index.php?rest_route=\/wp\/v2\/posts\/309\/revisions\/3301"}],"wp:featuredmedia":[{"embeddable":true,"href":"https:\/\/angolaemb-se.org\/index.php?rest_route=\/wp\/v2\/media\/2828"}],"wp:attachment":[{"href":"https:\/\/angolaemb-se.org\/index.php?rest_route=%2Fwp%2Fv2%2Fmedia&parent=309"}],"wp:term":[{"taxonomy":"category","embeddable":true,"href":"https:\/\/angolaemb-se.org\/index.php?rest_route=%2Fwp%2Fv2%2Fcategories&post=309"},{"taxonomy":"post_tag","embeddable":true,"href":"https:\/\/angolaemb-se.org\/index.php?rest_route=%2Fwp%2Fv2%2Ftags&post=309"}],"curies":[{"name":"wp","href":"https:\/\/api.w.org\/{rel}","templated":true}]}}