{"id":321,"date":"2022-04-24T19:12:17","date_gmt":"2022-04-24T19:12:17","guid":{"rendered":"https:\/\/the7.io\/beauty-studio\/?p=321"},"modified":"2023-11-05T15:14:11","modified_gmt":"2023-11-05T15:14:11","slug":"reforcada-cooperacao-com-paises-nordicos","status":"publish","type":"post","link":"https:\/\/angolaemb-se.org\/?p=321","title":{"rendered":"Refor\u00e7ada Coopera\u00e7\u00e3o com Pa\u00edses N\u00f3rdicos"},"content":{"rendered":"\t\t<div data-elementor-type=\"wp-post\" data-elementor-id=\"321\" class=\"elementor elementor-321\">\n\t\t\t\t<div class=\"elementor-element elementor-element-29724075 e-flex e-con-boxed e-con e-parent\" data-id=\"29724075\" data-element_type=\"container\" data-e-type=\"container\">\n\t\t\t\t\t<div class=\"e-con-inner\">\n\t\t\t\t<div class=\"elementor-element elementor-element-6be95331 elementor-widget elementor-widget-text-editor\" data-id=\"6be95331\" data-element_type=\"widget\" data-e-type=\"widget\" data-widget_type=\"text-editor.default\">\n\t\t\t\t<div class=\"elementor-widget-container\">\n\t\t\t\t\t\t\t\t\t<p style=\"text-align: justify;\">Na ocasi\u00e3o, a representante da Finl\u00e2ndia em Angola convidou o ministro T\u00e9te Ant\u00f3nio a participar na Reuni\u00e3o dos Ministros dos Neg\u00f3cios Estrangeiros, a ter lugar de 13 a 15 de Junho, em Hels\u00ednquia, capital da Rep\u00fablica da Finl\u00e2ndia, informou em comunicado o Minist\u00e9rio das Rela\u00e7\u00f5es Exteriores.<\/p>\n\n<p style=\"text-align: justify;\">Os pa\u00edses n\u00f3rdicos constituem uma regi\u00e3o da Europa setentrional e do Atl\u00e2ntico Norte, composta pela Dinamarca, Finl\u00e2ndia, Isl\u00e2ndia, Noruega e Su\u00e9cia, e as regi\u00f5es aut\u00f3nomas das Ilhas Faro\u00e9, arquip\u00e9lago da \u00c5land e Gronel\u00e2ndia.<\/p>\n\n<p style=\"text-align: justify;\">A regi\u00e3o de cinco Estados-na\u00e7\u00e3o e tr\u00eas regi\u00f5es aut\u00f3nomas compartilham uma hist\u00f3ria em comum, bem como afinidades culturais e sociais em suas respectivas sociedades, com reflexo nos sistemas pol\u00edticos e no modelo n\u00f3rdico.<\/p>\n\n<p style=\"text-align: justify;\">Politicamente, os pa\u00edses n\u00f3rdicos n\u00e3o formam uma entidade separada, mas cooperam no \u00e2mbito do Conselho N\u00f3rdico e, em menor grau, da Uni\u00e3o Europeia.<\/p>\n\n<p style=\"text-align: justify;\">Linguisticamente, a \u00e1rea \u00e9 dominada pelas l\u00ednguas n\u00f3rdicas &#8211; o dinamarqu\u00eas, o sueco, o noruegu\u00eas, o fero\u00eas e o island\u00eas &#8211; e pelo finland\u00eas, e minoritariamente pelas l\u00ednguas lap\u00f4nicas.<\/p>\n\n<a href=\"https:\/\/www.jornaldeangola.ao\/ao\/noticias\/reforcada-cooperacao-com-paises-nordicos\/\">Fonte de Pesquisa<\/a>\t\t\t\t\t\t\t\t<\/div>\n\t\t\t\t<\/div>\n\t\t\t\t\t<\/div>\n\t\t\t\t<\/div>\n\t\t\t\t<\/div>\n\t\t","protected":false},"excerpt":{"rendered":"<p>A coopera\u00e7\u00e3o bilateral e os aspectos que envolvem o multilateralismo foram os assuntos analisados esta sexta-feira, em Luanda, pelo ministro das Rela\u00e7\u00f5es Exteriores, T\u00e9te Ant\u00f3nio, e os embaixadores acreditados em Angola da Su\u00e9cia, Kikkan Haugem, Noruega, Ewa Polano, e a ministra-conselheira da Finl\u00e2ndia, Lotta Karlsson.<\/p>\n","protected":false},"author":1,"featured_media":2884,"comment_status":"closed","ping_status":"closed","sticky":false,"template":"","format":"standard","meta":{"om_disable_all_campaigns":false,"_themeisle_gutenberg_block_has_review":false,"footnotes":""},"categories":[7],"tags":[],"class_list":["post-321","post","type-post","status-publish","format-standard","has-post-thumbnail","hentry","category-international"],"aioseo_notices":[],"_links":{"self":[{"href":"https:\/\/angolaemb-se.org\/index.php?rest_route=\/wp\/v2\/posts\/321","targetHints":{"allow":["GET"]}}],"collection":[{"href":"https:\/\/angolaemb-se.org\/index.php?rest_route=\/wp\/v2\/posts"}],"about":[{"href":"https:\/\/angolaemb-se.org\/index.php?rest_route=\/wp\/v2\/types\/post"}],"author":[{"embeddable":true,"href":"https:\/\/angolaemb-se.org\/index.php?rest_route=\/wp\/v2\/users\/1"}],"replies":[{"embeddable":true,"href":"https:\/\/angolaemb-se.org\/index.php?rest_route=%2Fwp%2Fv2%2Fcomments&post=321"}],"version-history":[{"count":3,"href":"https:\/\/angolaemb-se.org\/index.php?rest_route=\/wp\/v2\/posts\/321\/revisions"}],"predecessor-version":[{"id":2887,"href":"https:\/\/angolaemb-se.org\/index.php?rest_route=\/wp\/v2\/posts\/321\/revisions\/2887"}],"wp:featuredmedia":[{"embeddable":true,"href":"https:\/\/angolaemb-se.org\/index.php?rest_route=\/wp\/v2\/media\/2884"}],"wp:attachment":[{"href":"https:\/\/angolaemb-se.org\/index.php?rest_route=%2Fwp%2Fv2%2Fmedia&parent=321"}],"wp:term":[{"taxonomy":"category","embeddable":true,"href":"https:\/\/angolaemb-se.org\/index.php?rest_route=%2Fwp%2Fv2%2Fcategories&post=321"},{"taxonomy":"post_tag","embeddable":true,"href":"https:\/\/angolaemb-se.org\/index.php?rest_route=%2Fwp%2Fv2%2Ftags&post=321"}],"curies":[{"name":"wp","href":"https:\/\/api.w.org\/{rel}","templated":true}]}}