{"id":324,"date":"2022-11-17T14:14:39","date_gmt":"2022-11-17T14:14:39","guid":{"rendered":"https:\/\/the7.io\/beauty-studio\/?p=324"},"modified":"2023-11-05T14:27:06","modified_gmt":"2023-11-05T14:27:06","slug":"angola-e-noruega-mobilizam-investidores","status":"publish","type":"post","link":"https:\/\/angolaemb-se.org\/?p=324","title":{"rendered":"Angola e Noruega mobilizam investidores"},"content":{"rendered":"\t\t<div data-elementor-type=\"wp-post\" data-elementor-id=\"324\" class=\"elementor elementor-324\">\n\t\t\t\t<div class=\"elementor-element elementor-element-2929d068 e-flex e-con-boxed e-con e-parent\" data-id=\"2929d068\" data-element_type=\"container\" data-e-type=\"container\">\n\t\t\t\t\t<div class=\"e-con-inner\">\n\t\t\t\t<div class=\"elementor-element elementor-element-268a98fb elementor-widget elementor-widget-text-editor\" data-id=\"268a98fb\" data-element_type=\"widget\" data-e-type=\"widget\" data-widget_type=\"text-editor.default\">\n\t\t\t\t<div class=\"elementor-widget-container\">\n\t\t\t\t\t\t\t\t\t<p style=\"text-align: justify;\">O evento vai ter como orador principal o Presidente da Rep\u00fablica, Jo\u00e3o Louren\u00e7o, que vai abordar\u00a0 as in\u00fameras oportunidades de investimentos existentes em diversas \u00e1reas da economia angolana e do ambiente legal \u00e0 disposi\u00e7\u00e3o para facilitar a fixa\u00e7\u00e3o de neg\u00f3cios.<\/p>\n<p style=\"text-align: justify;\">O Chefe de Estado angolano dever\u00e1 falar com os participantes acerca das reformas em curso no pa\u00eds, as perspectivas econ\u00f3micas e as oportunidades de investimentos.<\/p>\n<p style=\"text-align: justify;\">O F\u00f3rum Empresarial da NABA (Norwegian-African Business Association) &#8211; C\u00e2mara de Com\u00e9rcio de Oslo vai contar com 23 empresas norueguesas e oito (8) angolanas.<\/p>\n<p style=\"text-align: justify;\">Com uma coopera\u00e7\u00e3o dominada pelo sector Petrol\u00edfero e com tend\u00eancia de crescimento do dom\u00ednio energ\u00e9tico, a reuni\u00e3o entre empres\u00e1rios procura responder a vontade do Governo angolano de diversificar as rela\u00e7\u00f5es econ\u00f3micas.<\/p>\n<p style=\"text-align: justify;\">Ap\u00f3s a interven\u00e7\u00e3o do Presidente da Rep\u00fablica, no I Painel, o ministro dos Recursos Minerais, Petr\u00f3leo e G\u00e1s, Diamantino Pedro Azevedo, dever\u00e1 abordar com empresas do sector, no II Painel, dedicado ao tema &#8220;Construindo um sector Energ\u00e9tico din\u00e2mico\u201d.<\/p>\n<p style=\"text-align: justify;\">O programa de evento reserva, a posterior, encontros de neg\u00f3cios de empresas para empresas (B2B), ocasi\u00e3o em que outras \u00e1reas procurar\u00e3o apresentar as oportunidades de parcerias nos respectivos sectores.<\/p>\n<p style=\"text-align: justify;\">Para al\u00e9m, do ministro dos Recursos Minerais, Petr\u00f3leo e G\u00e1s, est\u00e3o, igualmente, em Oslo &#8211; Noruega, os ministros da Economia e Planeamento, M\u00e1rio Caetano Jo\u00e3o; da Ind\u00fastria e Com\u00e9rcio, Victor Fernandes (por confirmar), e o das Rela\u00e7\u00f5es Exteriores, T\u00e9te Ant\u00f3nio, que coordenada as equipas ministeriais. Est\u00e3o, igualmente, em Oslo, o presidente do Conselho de Administra\u00e7\u00e3o da Ag\u00eancia de Investimento Privado e Promo\u00e7\u00e3o das Exporta\u00e7\u00f5es (AIPEX), Ant\u00f3nio Henriques da Silva, e funcion\u00e1rios dos Servi\u00e7os de Apoio da Presid\u00eancia da Rep\u00fablica e dos sectores do Governo presentes na capital norueguesa.\n\n<p style=\"text-align: justify;\">Estados abrem espa\u00e7os para a coopera\u00e7\u00e3o econ\u00f3mica\nA visita do Presidente Jo\u00e3o Louren\u00e7o \u00e0 capital Oslo, no Reino da Noruega, desde ontem at\u00e9 amanh\u00e3, sexta-feira,\u00a0 visa, fundamentalmente, o refor\u00e7o da coopera\u00e7\u00e3o econ\u00f3mica entre os dois pa\u00edses, disse o ministro das Rela\u00e7\u00f5es Exteriores.<\/p>\n<p style=\"text-align: justify;\">T\u00e9te Ant\u00f3nio avan\u00e7ou \u00e0 imprensa angolana no local que a economia norueguesa tem uma forte interven\u00e7\u00e3o do Estado e tamb\u00e9m dos privados, factores de que Angola pode absorver ainda mais experi\u00eancias.<\/p>\n<p style=\"text-align: justify;\">&#8220;Esta vinda \u00e0 Noruega \u00e9 uma boa oportunidade para troca de experi\u00eancias, pois \u00e9 sabido que este pa\u00eds \u00e9 de uma economia com um sector privado muito vibrante, mas tamb\u00e9m com uma interven\u00e7\u00e3o do Estado em sectores-chaves bastante produtivos\u201d, afirmou.<\/p>\n<p style=\"text-align: justify;\">Por outro lado, explicou o ministro das Rela\u00e7\u00f5es Exteriores, a Noruega \u00e9 a m\u00e3e dos Fundos Soberanos, por ser o pa\u00eds em que nasceu o &#8220;Fundo das Gera\u00e7\u00f5es Vindouras\u201d.<\/p>\n<p style=\"text-align: justify;\">Trata-se de um fundo que serve para garantir que o pa\u00eds nunca mais entre em dificuldades e interv\u00e9m em mais de 80 pa\u00edses no mundo.<\/p>\n<p style=\"text-align: justify;\">Conforme detalhou o ministro T\u00e9te Ant\u00f3nio, o Presidente da Rep\u00fablica vai manter, em Oslo, encontros oficiais com o Rei Harald, o Primeiro-Ministro Jonas Gahr St\u00f8re e o presidente do Parlamento noruegu\u00eas, Masud Gharhakhani.<\/p>\n<p style=\"text-align: justify;\">Est\u00e3o previstas visitas as empresas de refer\u00eancia presentes na economia angolana, nomeadamente a Equinor e a Aker Solutions, isso depois de o Chefe de Estado ser orador no F\u00f3rum Empresarial de hoje dedicado a Angola.<\/p>\n<p style=\"text-align: justify;\">T\u00e9te Ant\u00f3nio disse ser bastante importante para Angola a abordagem sobre a transi\u00e7\u00e3o energ\u00e9tica, raz\u00e3o pela qual um painel dedicado \u00e0 energia est\u00e1 alinhado no certame.<\/p>\n<p style=\"text-align: justify;\"><b>&#8220;Terra do bacalhau\u201d<\/b><\/p>\n<p style=\"text-align: justify;\">Em rela\u00e7\u00e3o aos resultados concretos, o ministro das Rela\u00e7\u00f5es Exteriores de Angola disse que Angola e Noruega t\u00eam uma coopera\u00e7\u00e3o &#8220;bastante proveitosa\u201d, al\u00e9m do petr\u00f3leo, nas \u00e1reas da Agricultura e das Pescas. Ali\u00e1s, disse, o bacalhau, muito apreciado em Angola, nasceu na Noruega. H\u00e1, igualmente, outras vantagens, entre as quais a gest\u00e3o de recursos financeiros provenientes da explora\u00e7\u00e3o dos recursos naturais, sobretudo o petr\u00f3leo. O pa\u00eds \u00e9 tamb\u00e9m um bom exemplo na protec\u00e7\u00e3o social.<\/p>\n<p style=\"text-align: justify;\"><b>Comunidade angolana<\/b><\/p>\n<p style=\"text-align: justify;\">Quanto ao apelo da comunidade angolana em Oslo, sobre a isen\u00e7\u00e3o de vistos, o ministro T\u00e9te Ant\u00f3nio afirmou existir um dossier sob aprecia\u00e7\u00e3o das partes de isentar vistos aos passaportes diplom\u00e1ticos e de servi\u00e7o. Assumiu tratar-se de um processo gradual, que poder\u00e1 abranger tamb\u00e9m outras \u00e1reas.<\/p>\n<p style=\"text-align: justify;\">&#8220;O impacto do crescimento da coopera\u00e7\u00e3o entre os pa\u00edses, com certeza, vai influenciar a evolu\u00e7\u00e3o de outros tantos processos, incluindo o da circula\u00e7\u00e3o de pessoas e bens\u201d, afirmou.<\/p>\n<p style=\"text-align: justify;\"><b>\nInforma\u00e7\u00f5es gerais sobre\u00a0 a din\u00e2mica do Reino n\u00f3rdico<\/b><\/p>\n<p style=\"text-align: justify;\">O Reino da Noruega est\u00e1 localizado no Norte da Europa, na regi\u00e3o da Escandinavia, e tem como regime governativo a monarquia constitucional democracia parlamentar. \u00c9 Rei Harald V, nascido a 21 de Fevereiro de 1937. Estima-se ter o pa\u00eds uma popula\u00e7\u00e3o acima de cinco milh\u00f5es de habitantes, segundo dados de 2015. Tem uma popula\u00e7\u00e3o nativa de lap\u00f5es e cinco minorias nacionais. Como minorias nacionais entende-se grupos com longa tradi\u00e7\u00e3o \u00e0 Noruega. A l\u00edngua oficial \u00e9 o noruegu\u00eas (bokm\u00e5l e nynorsk)<\/p>\n<p style=\"text-align: justify;\">Lap\u00e3o\/sami (tr\u00eas l\u00ednguas sami, sami do Norte, sami de Lule e sami do Sul), que s\u00e3o equivalentes ao noruegu\u00eas nos concelhos de Kautokeino, Karasjok, Tana, Porsanger e Nesseby em Finnmark, K\u00e5fjord e Lavangen em Troms, Tysfjord em Nordland, e R\u00f8yrvik e Sn\u00e5sa em Nord-Tr\u00f8ndelag. Al\u00e9m disso, o kven e o romani ou rom\u00e2ni s\u00e3o reconhecidos como l\u00ednguas minorit\u00e1rias. A linguagem gestual norueguesa tem um estatuto oficial, principalmente atrav\u00e9s do disposto na Lei.<\/p>\n<p style=\"text-align: justify;\">A moeda \u00e9 a coroa norueguesa, NOK. Um Kwanza (Kz 1,00) \u00e9 equivalente a 0,0197 NOK. Quer dizer que mil kwanzas (1.000,00) equivalem a 19,71 NOK, valor aproximado a USD 2,00 (Dois d\u00f3lares). Nestes dias, as temperaturas variam entre 3 e 7\u00b0, tendo atingido os 10 graus nalgum per\u00edodo do dia. No cap\u00edtulo econ\u00f3mico, como referido, a coopera\u00e7\u00e3o de mais de 40 anos, entre Angola e Noruega, \u00e9, predominantemente, petrol\u00edfera, com as empresas Equinor (ex-Statoil) e a Aker Solutions. Dados fixam as trocas comerciais entre 2 e 4 mil milh\u00f5es de d\u00f3lares, sendo que 10 por cento da produ\u00e7\u00e3o angolana \u00e9 da Norueguesa Equinor. Neste momento, dados mais actualizados apontam para cerca de mil angolanos em toda a Noruega, com a capital Oslo a ser o maior ponto de concentra\u00e7\u00e3o de cidad\u00e3os nacionais.\n\n<\/p>\n<p style=\"text-align: justify;\"><b>Chefe de Estado desembarcou no Aeroporto Gardermoen\n\n<\/b><\/p>\n<p style=\"text-align: justify;\">O Presidente da Rep\u00fablica, Jo\u00e3o Louren\u00e7o, chegou, no princ\u00edpio da noite de ontem, \u00e0 capital norueguesa, Oslo, tendo desembarcado no Aeroporto Gardermoen.<\/p>\n<p style=\"text-align: justify;\">O Chefe de Estado recebeu, na ocasi\u00e3o, cumprimentos na boas vindas do embaixador de Angola na Noruega, Apolin\u00e1rio Jorge Correia, do embaixador da Noruega em Angola, Bjornar Dahl Hotvedt, e da chefe de Protocolo MIREX Noruega, Tone Allers.<\/p>\n<p style=\"text-align: justify;\">Ainda ontem, a agenda do Presidente Jo\u00e3o Louren\u00e7o inscreveu um jantar em Sua Honra, oferecido pelo embaixador angolano nesse pa\u00eds.<\/p>\n<p style=\"font-weight: 400;\">Esta \u00e9 a primeira visita oficial de um Chefe de Estado de Angola \u00e0 Noruega.<\/p>\n<p style=\"text-align: justify;\">Com um pendor, fortemente, econ\u00f3mico, a visita de tr\u00eas dias do Presidente angolano inclui v\u00e1rios encontros com as autoridades locais.<\/p>\n<p style=\"text-align: justify;\">Para amanh\u00e3, sexta-feira, est\u00e3o previstos encontros em separado com o Rei Harald V e o Primeiro-Ministro, Jonas Gahr St\u00f8re. Dever\u00e1, igualmente, o Presidente angolano realizar uma visita ao Museu Fram, Bygdoyenesveien 39.<\/p>\n<p style=\"text-align: justify;\">Antes, isso j\u00e1 hoje, quinta-feira, o Chefe de Estado angolano \u00e9 recebido em encontro formal pelo presidente do Parlamento noruegu\u00eas, Masud Gharhakhani.\n\n<b>Noruegueses podem entrar na diversifica\u00e7\u00e3o da economia\n\n<\/b><\/p>\n<p style=\"text-align: justify;\">O ministro da Economia e Planeamento, M\u00e1rio Caetano Jo\u00e3o, disse, ontem, em Oslo, capital da Noruega, que Angola pretende aprofundar a participa\u00e7\u00e3o do parceiro europeu no processo de diversifica\u00e7\u00e3o econ\u00f3mica em curso no pa\u00eds.<\/p>\n<p style=\"text-align: justify;\">No lan\u00e7amento do F\u00f3rum Empresarial, que acontece, hoje, no Grand Hotel de Oslo, M\u00e1rio Caetano Jo\u00e3o reconheceu a predomin\u00e2ncia actual do sector Petrol\u00edfero na coopera\u00e7\u00e3o. Por essa raz\u00e3o, disse o ministro, faz todo o sentido que \u00e1reas como as Pescas, onde a Noruega \u00e9 muito forte, ganhem maior relev\u00e2ncia.<\/p>\n<p style=\"text-align: justify;\">Para o ministro da Economia e Planeamento, o agroneg\u00f3cio deve entrar nas prioridades das trocas comerciais entre os pa\u00edses. Esse processo, disse, traria ao Programa de Apoio \u00e0 Produ\u00e7\u00e3o, Diversifica\u00e7\u00e3o das Exporta\u00e7\u00f5es e Substitui\u00e7\u00e3o das Importa\u00e7\u00f5es (PRODESI) mais-valias, atendendo \u00e0s vantagens comparativas entre Angola e a Noruega.<\/p>\n<p style=\"text-align: justify;\">&#8220;A coopera\u00e7\u00e3o com a Noruega basea-se, fundamentalmente, no sector dos Petr\u00f3leos. \u00c9 a \u00e1rea predominante e, ali\u00e1s, o primeiro painel do f\u00f3rum de neg\u00f3cios, ocasi\u00e3o em que teremos ministros a interagirem com o sector empresarial. Na abordagem sobre o sector da diversifica\u00e7\u00e3o econ\u00f3mica, vamos procurar contrabalancear o dom\u00ednio da \u00e1rea Energ\u00e9tica por outras, principalmente o das Pescas, onde a Noruega \u00e9 muito forte. Procuraremos tamb\u00e9m atrair algum apetite desse parceiro para a cadeia de valor do agroneg\u00f3cio, para vermos em que nos podem ajudar com algum Investimento Directo Estrangeiro (IDE) para a produ\u00e7\u00e3o de gr\u00e3os\u201d, disse.<\/p>\n<p style=\"text-align: justify;\">Segundo referiu M\u00e1rio Caetano Jo\u00e3o, o foco recai para o Planagr\u00e3o, iniciativa do Governo que visa a produ\u00e7\u00e3o em larga escala de milho, soja, trigo e arroz ante a estrat\u00e9gia tornar o pa\u00eds numa refer\u00eancia em \u00c1frica e mais pela frente no mundo.<\/p>\n<p style=\"text-align: justify;\">Para isso, argumentou, precisa-se trabalhar com os que possuem saber e acima de tudo interesse em investir no pa\u00eds.<\/p>\n<p style=\"text-align: justify;\">&#8220;Vamos transmitir a tranquilidade e, principalmente, o ambiente de neg\u00f3cios existente no pa\u00eds. Fazer passar a mensagem de que existe uma altera\u00e7\u00e3o de paradigmas, que j\u00e1 vem do primeiro mandato, cujo foco est\u00e1 na promo\u00e7\u00e3o do Estado de direito, na elimina\u00e7\u00e3o da corrup\u00e7\u00e3o, e um outro paradigma que \u00e9 o da prefer\u00eancia pela produ\u00e7\u00e3o nacional, pois h\u00e1 vantagens comparativas, sobretudo nos bens do PRODESI e no segmento agroalimentar para garantir a seguran\u00e7a alimentar, sendo, desde logo, estes bens que pretendemos ver produzidos localmente\u201d, declarou.<\/p>\n<p style=\"text-align: justify;\">Para o ministro da Economia e Planeamento, o f\u00f3rum de hoje enquadra-se na din\u00e2mica de internacionaliza\u00e7\u00e3o da economia, que o Presidente da Rep\u00fablica tem estado a desenvolver e para a qual os ministros procuram fazer acontecer.<\/p>\n<p style=\"text-align: justify;\">Conforme assegurou o MEP, ao n\u00edvel sectorial h\u00e1 j\u00e1 contactos de diversos minist\u00e9rios com parceiros locais, os quais v\u00e3o ser aprofundados nessa miss\u00e3o de neg\u00f3cios, cuja finalidade, principal, \u00e9 o lan\u00e7ar da semente para a coopera\u00e7\u00e3o mais para fora do sector Energ\u00e9tico. Esta op\u00e7\u00e3o justifica-se pelo facto de o sector Energ\u00e9tico ter j\u00e1 din\u00e2micas pr\u00f3prias, ainda que aprofunde mais as actuais rela\u00e7\u00f5es, pretende-se a maior valoriza\u00e7\u00e3o do potencial existente noutras \u00e1reas, como \u00e9 o caso das Pescas. O sector, lembra o ministro, est\u00e1 a passar por um processo de formaliza\u00e7\u00e3o e tem estado a ser mais vis\u00edvel no Produto Interno Bruto (PIB).<\/p>\n\n<a href=\"https:\/\/www.jornaldeangola.ao\/ao\/noticias\/angola-e-noruega-mobilizam-investidores\/\">Fonte de pPesquisa<\/a>\t\t\t\t\t\t\t\t<\/div>\n\t\t\t\t<\/div>\n\t\t\t\t\t<\/div>\n\t\t\t\t<\/div>\n\t\t\t\t<\/div>\n\t\t","protected":false},"excerpt":{"rendered":"<p>Os investidores de Angola e da Noruega re\u00fanem, esta quinta-feira(16), em Oslo, num F\u00f3rum Empresarial para partilha informa\u00e7\u00f5es sobre as oportunidades de neg\u00f3cios existentes nos dois pa\u00edses.<\/p>\n","protected":false},"author":1,"featured_media":2875,"comment_status":"closed","ping_status":"closed","sticky":false,"template":"","format":"standard","meta":{"om_disable_all_campaigns":false,"_themeisle_gutenberg_block_has_review":false,"footnotes":""},"categories":[5,7],"tags":[],"class_list":["post-324","post","type-post","status-publish","format-standard","has-post-thumbnail","hentry","category-business","category-international"],"aioseo_notices":[],"_links":{"self":[{"href":"https:\/\/angolaemb-se.org\/index.php?rest_route=\/wp\/v2\/posts\/324","targetHints":{"allow":["GET"]}}],"collection":[{"href":"https:\/\/angolaemb-se.org\/index.php?rest_route=\/wp\/v2\/posts"}],"about":[{"href":"https:\/\/angolaemb-se.org\/index.php?rest_route=\/wp\/v2\/types\/post"}],"author":[{"embeddable":true,"href":"https:\/\/angolaemb-se.org\/index.php?rest_route=\/wp\/v2\/users\/1"}],"replies":[{"embeddable":true,"href":"https:\/\/angolaemb-se.org\/index.php?rest_route=%2Fwp%2Fv2%2Fcomments&post=324"}],"version-history":[{"count":6,"href":"https:\/\/angolaemb-se.org\/index.php?rest_route=\/wp\/v2\/posts\/324\/revisions"}],"predecessor-version":[{"id":2878,"href":"https:\/\/angolaemb-se.org\/index.php?rest_route=\/wp\/v2\/posts\/324\/revisions\/2878"}],"wp:featuredmedia":[{"embeddable":true,"href":"https:\/\/angolaemb-se.org\/index.php?rest_route=\/wp\/v2\/media\/2875"}],"wp:attachment":[{"href":"https:\/\/angolaemb-se.org\/index.php?rest_route=%2Fwp%2Fv2%2Fmedia&parent=324"}],"wp:term":[{"taxonomy":"category","embeddable":true,"href":"https:\/\/angolaemb-se.org\/index.php?rest_route=%2Fwp%2Fv2%2Fcategories&post=324"},{"taxonomy":"post_tag","embeddable":true,"href":"https:\/\/angolaemb-se.org\/index.php?rest_route=%2Fwp%2Fv2%2Ftags&post=324"}],"curies":[{"name":"wp","href":"https:\/\/api.w.org\/{rel}","templated":true}]}}