{"id":3362,"date":"2025-01-03T10:27:10","date_gmt":"2025-01-03T10:27:10","guid":{"rendered":"https:\/\/angolaemb-se.org\/?p=3362"},"modified":"2025-04-07T23:04:52","modified_gmt":"2025-04-07T23:04:52","slug":"50-anos-de-independencia-celebracoes","status":"publish","type":"post","link":"https:\/\/angolaemb-se.org\/?p=3362","title":{"rendered":"50 ANOS DE INDEPEND\u00caNCIA CELEBRA\u00c7\u00d5ES"},"content":{"rendered":"\t\t<div data-elementor-type=\"wp-post\" data-elementor-id=\"3362\" class=\"elementor elementor-3362\">\n\t\t\t\t<div class=\"elementor-element elementor-element-b11ccec e-flex e-con-boxed e-con e-parent\" data-id=\"b11ccec\" data-element_type=\"container\" data-e-type=\"container\">\n\t\t\t\t\t<div class=\"e-con-inner\">\n\t\t\t\t<div class=\"elementor-element elementor-element-1b3aead elementor-widget elementor-widget-text-editor\" data-id=\"1b3aead\" data-element_type=\"widget\" data-e-type=\"widget\" data-widget_type=\"text-editor.default\">\n\t\t\t\t<div class=\"elementor-widget-container\">\n\t\t\t\t\t\t\t\t\t<p>Angola est\u00e1 a preparar uma celebra\u00e7\u00e3o especial para assinalar o 50\u00ba anivers\u00e1rio da independ\u00eancia nacional.<\/p><p>O evento visa destacar as conquistas do pa\u00eds nos \u00faltimos 50 anos e projectar o futuro, de acordo com a Estrat\u00e9gia de Desenvolvimento \u201cAngola 2050\u201d.<\/p><p>As festividades tiveram in\u00edcio no passado 11 de Novembro de 2024 e decorrer\u00e3o at\u00e9 31 de Dezembro de 2025, abrangendo todo o territ\u00f3rio nacional, as miss\u00f5es diplom\u00e1ticas e consulares de Angola.<\/p><p>Os detalhes sobre a celebra\u00e7\u00e3o dos 50 anos de independ\u00eancia foram apresentados aos membros do Conselho da Rep\u00fablica na quarta-feira, 21 de Agosto, durante a 2\u00aa Reuni\u00e3o Ordin\u00e1ria do \u00d3rg\u00e3o de Consulta do Presidente da Rep\u00fablica, presidida por Vossa Excel\u00eancia Senhor Presidente Jo\u00e3o Louren\u00e7o no Pal\u00e1cio Presidencial.<\/p><p>O programa das comemora\u00e7\u00f5es est\u00e1 descrito no Memorando sobre a Organiza\u00e7\u00e3o das Ac\u00e7\u00f5es Comemorativas da Independ\u00eancia Nacional, preparado pela Comiss\u00e3o Interministerial criada pelo Despacho Presidencial n.\u00ba 26\/24, de 22 de Janeiro.<\/p><p>Durante o encontro, o Presidente Jo\u00e3o Louren\u00e7o sublinhou que a celebra\u00e7\u00e3o dos 50 anos de independ\u00eancia representa um marco hist\u00f3rico significativo, pelos sacrif\u00edcios feitos pelo povo angolano para conquistar e preservar a independ\u00eancia.<\/p><p>\u201cTemos motivos de sobra para comemorar em grande. Apresentamos um projecto de programa das comemora\u00e7\u00f5es para an\u00e1lise e enriquecimento com as vossas contribui\u00e7\u00f5es. O programa inclui actividades pol\u00edticas, culturais, desportivas, religiosas, feiras e exposi\u00e7\u00f5es, bem como inaugura\u00e7\u00f5es de empreendimentos p\u00fablicos e privados de relevo\u201d, afirmou Jo\u00e3o Louren\u00e7o, acrescentando que conta com a participa\u00e7\u00e3o de toda a sociedade civil ap\u00f3s a aprova\u00e7\u00e3o.<\/p><p>A cerim\u00f3nia central ter\u00e1 lugar na Pra\u00e7a da Rep\u00fablica, adjacente ao Memorial Dr. Ant\u00f3nio Agostinho Neto, em Luanda, e ser\u00e1 presidida pelo Presidente Jo\u00e3o Louren\u00e7o.<\/p><p>\u201cAngola 50 anos: Preservar e valorizar as conquistas alcan\u00e7adas, construindo um futuro melhor\u201d, \u00e9 o lema central das festividades.<\/p>\t\t\t\t\t\t\t\t<\/div>\n\t\t\t\t<\/div>\n\t\t\t\t\t<\/div>\n\t\t\t\t<\/div>\n\t\t\t\t<\/div>\n\t\t","protected":false},"excerpt":{"rendered":"<p>Angola est\u00e1 a preparar uma celebra\u00e7\u00e3o especial para assinalar o 50\u00ba anivers\u00e1rio da independ\u00eancia nacional. O evento visa destacar as conquistas do pa\u00eds nos \u00faltimos 50 anos e projectar o futuro, de acordo com a Estrat\u00e9gia de Desenvolvimento \u201cAngola 2050\u201d. As festividades tiveram in\u00edcio no passado 11 de Novembro de 2024 e decorrer\u00e3o at\u00e9 31&hellip;<\/p>\n","protected":false},"author":1,"featured_media":3368,"comment_status":"closed","ping_status":"closed","sticky":false,"template":"","format":"standard","meta":{"om_disable_all_campaigns":false,"_themeisle_gutenberg_block_has_review":false,"footnotes":""},"categories":[6],"tags":[],"class_list":["post-3362","post","type-post","status-publish","format-standard","has-post-thumbnail","hentry","category-events"],"aioseo_notices":[],"_links":{"self":[{"href":"https:\/\/angolaemb-se.org\/index.php?rest_route=\/wp\/v2\/posts\/3362","targetHints":{"allow":["GET"]}}],"collection":[{"href":"https:\/\/angolaemb-se.org\/index.php?rest_route=\/wp\/v2\/posts"}],"about":[{"href":"https:\/\/angolaemb-se.org\/index.php?rest_route=\/wp\/v2\/types\/post"}],"author":[{"embeddable":true,"href":"https:\/\/angolaemb-se.org\/index.php?rest_route=\/wp\/v2\/users\/1"}],"replies":[{"embeddable":true,"href":"https:\/\/angolaemb-se.org\/index.php?rest_route=%2Fwp%2Fv2%2Fcomments&post=3362"}],"version-history":[{"count":10,"href":"https:\/\/angolaemb-se.org\/index.php?rest_route=\/wp\/v2\/posts\/3362\/revisions"}],"predecessor-version":[{"id":3407,"href":"https:\/\/angolaemb-se.org\/index.php?rest_route=\/wp\/v2\/posts\/3362\/revisions\/3407"}],"wp:featuredmedia":[{"embeddable":true,"href":"https:\/\/angolaemb-se.org\/index.php?rest_route=\/wp\/v2\/media\/3368"}],"wp:attachment":[{"href":"https:\/\/angolaemb-se.org\/index.php?rest_route=%2Fwp%2Fv2%2Fmedia&parent=3362"}],"wp:term":[{"taxonomy":"category","embeddable":true,"href":"https:\/\/angolaemb-se.org\/index.php?rest_route=%2Fwp%2Fv2%2Fcategories&post=3362"},{"taxonomy":"post_tag","embeddable":true,"href":"https:\/\/angolaemb-se.org\/index.php?rest_route=%2Fwp%2Fv2%2Ftags&post=3362"}],"curies":[{"name":"wp","href":"https:\/\/api.w.org\/{rel}","templated":true}]}}