{"id":337,"date":"2023-10-31T19:28:30","date_gmt":"2023-10-31T19:28:30","guid":{"rendered":"https:\/\/the7.io\/beauty-studio\/?p=337"},"modified":"2023-11-05T15:13:25","modified_gmt":"2023-11-05T15:13:25","slug":"angola-e-uniao-europeia-assinam-acordo-de-facilitacao-para-investimentos-sustentaveis","status":"publish","type":"post","link":"https:\/\/angolaemb-se.org\/?p=337","title":{"rendered":"Angola e Uni\u00e3o Europeia assinam acordo de facilita\u00e7\u00e3o para investimentos sustent\u00e1veis"},"content":{"rendered":"\t\t<div data-elementor-type=\"wp-post\" data-elementor-id=\"337\" class=\"elementor elementor-337\">\n\t\t\t\t<div class=\"elementor-element elementor-element-598de8a8 e-flex e-con-boxed e-con e-parent\" data-id=\"598de8a8\" data-element_type=\"container\" data-e-type=\"container\">\n\t\t\t\t\t<div class=\"e-con-inner\">\n\t\t\t\t<div class=\"elementor-element elementor-element-1cbf515 elementor-widget elementor-widget-text-editor\" data-id=\"1cbf515\" data-element_type=\"widget\" data-e-type=\"widget\" data-widget_type=\"text-editor.default\">\n\t\t\t\t<div class=\"elementor-widget-container\">\n\t\t\t\t\t\t\t\t\t<p style=\"text-align: justify;\">Em declara\u00e7\u00f5es \u00e0 R\u00e1dio Nacional de Angola, o encarregado de neg\u00f3cios da Uni\u00e3o Europeia em Angola, Paulo Barroso, explicou que o acordo a ser assinado, no dia 17 do pr\u00f3ximo m\u00eas, facilita os investimentos ao aumentar a transpar\u00eancia e a previsibilidade das medidas.<\/p>\n<p style=\"text-align: justify;\">O respons\u00e1vel salientou, igualmente, que este ser\u00e1 o primeiro documento que vai ser rubricado entre a Uni\u00e3o Europeia e um pa\u00eds a n\u00edvel mundial.<\/p>\n<p style=\"text-align: justify;\">O F\u00f3rum que tem como objectivo a identifica\u00e7\u00e3o de \u00e1reas de investimento por parte dos investidores europeus vai centrar-se nas cadeias de valores estrat\u00e9gicas, agroneg\u00f3cios, pescas, na digitaliza\u00e7\u00e3o, na log\u00edstica, nos transportes, na energia e em mat\u00e9rias primas cr\u00edticas.<\/p>\n<p style=\"text-align: justify;\">O encontro j\u00e1 conta com um total de 450 entidades inscritas, das quais cerca de 275 s\u00e3o angolanas e 75 s\u00e3o provenientes da UE, disse o director nacional para a Integra\u00e7\u00e3o e Coopera\u00e7\u00e3o Econ\u00f3mica Internacional,\u00a0 Jer\u00f3nimo Pongolola.<\/p>\n<p style=\"text-align: justify;\">Acrescentou, ainda, que no mercado econ\u00f3mico, a Uni\u00e3o Europeia tem muitos investidores preparados para entrarem no mercado angolano.<\/p>\n\n<a href=\"https:\/\/www.jornaldeangola.ao\/ao\/noticias\/angola-e-uniao-europeia-assinam-acordo-de-facilitacao-para-investimentos-sustentaveis\">&#8220;Fonte de Pesquisa&#8221;<\/a>\t\t\t\t\t\t\t\t<\/div>\n\t\t\t\t<\/div>\n\t\t\t\t\t<\/div>\n\t\t\t\t<\/div>\n\t\t\t\t<\/div>\n\t\t","protected":false},"excerpt":{"rendered":"<p>Angola e a Uni\u00e3o Europeia v\u00e3o assinar um acordo, para facilitar investimentos sustent\u00e1veis, em Novembro deste ano, durante a 2.\u00aa edi\u00e7\u00e3o do F\u00f3rum econ\u00f3mico Angola-Uni\u00e3o Europeia, a ter lugar em Luanda.<\/p>\n","protected":false},"author":1,"featured_media":2847,"comment_status":"closed","ping_status":"closed","sticky":false,"template":"","format":"standard","meta":{"om_disable_all_campaigns":false,"_themeisle_gutenberg_block_has_review":false,"footnotes":""},"categories":[9],"tags":[],"class_list":["post-337","post","type-post","status-publish","format-standard","has-post-thumbnail","hentry","category-uncategorised"],"aioseo_notices":[],"_links":{"self":[{"href":"https:\/\/angolaemb-se.org\/index.php?rest_route=\/wp\/v2\/posts\/337","targetHints":{"allow":["GET"]}}],"collection":[{"href":"https:\/\/angolaemb-se.org\/index.php?rest_route=\/wp\/v2\/posts"}],"about":[{"href":"https:\/\/angolaemb-se.org\/index.php?rest_route=\/wp\/v2\/types\/post"}],"author":[{"embeddable":true,"href":"https:\/\/angolaemb-se.org\/index.php?rest_route=\/wp\/v2\/users\/1"}],"replies":[{"embeddable":true,"href":"https:\/\/angolaemb-se.org\/index.php?rest_route=%2Fwp%2Fv2%2Fcomments&post=337"}],"version-history":[{"count":6,"href":"https:\/\/angolaemb-se.org\/index.php?rest_route=\/wp\/v2\/posts\/337\/revisions"}],"predecessor-version":[{"id":2858,"href":"https:\/\/angolaemb-se.org\/index.php?rest_route=\/wp\/v2\/posts\/337\/revisions\/2858"}],"wp:featuredmedia":[{"embeddable":true,"href":"https:\/\/angolaemb-se.org\/index.php?rest_route=\/wp\/v2\/media\/2847"}],"wp:attachment":[{"href":"https:\/\/angolaemb-se.org\/index.php?rest_route=%2Fwp%2Fv2%2Fmedia&parent=337"}],"wp:term":[{"taxonomy":"category","embeddable":true,"href":"https:\/\/angolaemb-se.org\/index.php?rest_route=%2Fwp%2Fv2%2Fcategories&post=337"},{"taxonomy":"post_tag","embeddable":true,"href":"https:\/\/angolaemb-se.org\/index.php?rest_route=%2Fwp%2Fv2%2Ftags&post=337"}],"curies":[{"name":"wp","href":"https:\/\/api.w.org\/{rel}","templated":true}]}}