{"id":3380,"date":"2025-02-12T12:27:04","date_gmt":"2025-02-12T12:27:04","guid":{"rendered":"https:\/\/angolaemb-se.org\/?p=3380"},"modified":"2025-03-24T12:30:00","modified_gmt":"2025-03-24T12:30:00","slug":"comemoracoes-do-4-de-abril-dia-da-paz-e-da-reconciliacao-nacional-2025","status":"publish","type":"post","link":"https:\/\/angolaemb-se.org\/?p=3380","title":{"rendered":"COMEMORA\u00c7\u00d5ES DO 4 DE ABRIL \u2013 DIA DA PAZ E DA RECONCILIA\u00c7\u00c3O NACIONAL \u2013 2025"},"content":{"rendered":"\t\t<div data-elementor-type=\"wp-post\" data-elementor-id=\"3380\" class=\"elementor elementor-3380\">\n\t\t\t\t<div class=\"elementor-element elementor-element-3ec1f0b e-flex e-con-boxed e-con e-parent\" data-id=\"3ec1f0b\" data-element_type=\"container\" data-e-type=\"container\">\n\t\t\t\t\t<div class=\"e-con-inner\">\n\t\t\t\t<div class=\"elementor-element elementor-element-a2ea717 elementor-widget elementor-widget-text-editor\" data-id=\"a2ea717\" data-element_type=\"widget\" data-e-type=\"widget\" data-widget_type=\"text-editor.default\">\n\t\t\t\t<div class=\"elementor-widget-container\">\n\t\t\t\t\t\t\t\t\t<p class=\"MsoNormal\" style=\"text-align:justify;line-height:150%\">A Rep\u00fablica de\nAngola celebra, a 4 de Abril de 2025, o 23\u00ba Anivers\u00e1rio do <b>Dia da Paz e da\nReconcilia\u00e7\u00e3o Nacional<\/b>, consagrado como efem\u00e9ride nacional, na sequ\u00eancia da\nassinatura, no mesmo dia e m\u00eas de 2002, do <b>Memorando de Entendimento<\/b> que\nditou um ponto final ao longo conflito armado, que assolou o Pa\u00eds e dividira os\nangolanos. <o:p><\/o:p><\/p><p>\n\n<\/p><p class=\"MsoNormal\" style=\"text-align:justify;line-height:150%\">O <b>4 de Abril <\/b>representa\nmuito mais que o calar das armas. Representa a reconcilia\u00e7\u00e3o entre os angolanos\ne o nascimento de um Pa\u00eds novo que procura, diariamente, consolidar as bases da\ndemocracia e construir um desenvolvimento econ\u00f3mico e social sustent\u00e1vel. Neste\nano, o Dia da Paz e da Reconcilia\u00e7\u00e3o Nacional assinala-se numa altura peculiar,\nem que Angola comemora <b>50 anos de Independ\u00eancia Nacional<\/b>, raz\u00e3o pela\nqual ambas as celebra\u00e7\u00f5es devem estar associadas. Se, por um lado, celebra-se o\nalcance da Paz numa perspectiva ainda maior se festeja a <b>Independ\u00eancia\nNacional<\/b>, honrando todos quanto se sacrificaram pela liberta\u00e7\u00e3o de Angola,\nassim como aqueles que contribu\u00edram, cada um ao seu n\u00edvel, para a constru\u00e7\u00e3o da\nNa\u00e7\u00e3o que \u00e9 hoje motivo de orgulho generalizado. \u00c9, pois, sob o signo dos 50\nAnos da Independ\u00eancia Nacional que se deve festejar, em todo o Pa\u00eds, nas\nMiss\u00f5es Diplom\u00e1ticas e Consulares, o alcance da paz definitiva entre os\nangolanos, devendo todos garantir que os constrangimentos econ\u00f3micos, n\u00e3o\nimpossibilitem a celebra\u00e7\u00e3o condiga desse importante marco da hist\u00f3ria de\nAngola.<o:p><\/o:p><\/p>\t\t\t\t\t\t\t\t<\/div>\n\t\t\t\t<\/div>\n\t\t\t\t\t<\/div>\n\t\t\t\t<\/div>\n\t\t\t\t<\/div>\n\t\t","protected":false},"excerpt":{"rendered":"<p>A Rep\u00fablica de Angola celebra, a 4 de Abril de 2025, o 23\u00ba Anivers\u00e1rio do Dia da Paz e da Reconcilia\u00e7\u00e3o Nacional, consagrado como efem\u00e9ride nacional, na sequ\u00eancia da assinatura, no mesmo dia e m\u00eas de 2002, do Memorando de Entendimento que ditou um ponto final ao longo conflito armado, que assolou o Pa\u00eds e&hellip;<\/p>\n","protected":false},"author":1,"featured_media":3381,"comment_status":"closed","ping_status":"closed","sticky":false,"template":"","format":"standard","meta":{"om_disable_all_campaigns":false,"_themeisle_gutenberg_block_has_review":false,"footnotes":""},"categories":[6],"tags":[],"class_list":["post-3380","post","type-post","status-publish","format-standard","has-post-thumbnail","hentry","category-events"],"aioseo_notices":[],"_links":{"self":[{"href":"https:\/\/angolaemb-se.org\/index.php?rest_route=\/wp\/v2\/posts\/3380","targetHints":{"allow":["GET"]}}],"collection":[{"href":"https:\/\/angolaemb-se.org\/index.php?rest_route=\/wp\/v2\/posts"}],"about":[{"href":"https:\/\/angolaemb-se.org\/index.php?rest_route=\/wp\/v2\/types\/post"}],"author":[{"embeddable":true,"href":"https:\/\/angolaemb-se.org\/index.php?rest_route=\/wp\/v2\/users\/1"}],"replies":[{"embeddable":true,"href":"https:\/\/angolaemb-se.org\/index.php?rest_route=%2Fwp%2Fv2%2Fcomments&post=3380"}],"version-history":[{"count":3,"href":"https:\/\/angolaemb-se.org\/index.php?rest_route=\/wp\/v2\/posts\/3380\/revisions"}],"predecessor-version":[{"id":3384,"href":"https:\/\/angolaemb-se.org\/index.php?rest_route=\/wp\/v2\/posts\/3380\/revisions\/3384"}],"wp:featuredmedia":[{"embeddable":true,"href":"https:\/\/angolaemb-se.org\/index.php?rest_route=\/wp\/v2\/media\/3381"}],"wp:attachment":[{"href":"https:\/\/angolaemb-se.org\/index.php?rest_route=%2Fwp%2Fv2%2Fmedia&parent=3380"}],"wp:term":[{"taxonomy":"category","embeddable":true,"href":"https:\/\/angolaemb-se.org\/index.php?rest_route=%2Fwp%2Fv2%2Fcategories&post=3380"},{"taxonomy":"post_tag","embeddable":true,"href":"https:\/\/angolaemb-se.org\/index.php?rest_route=%2Fwp%2Fv2%2Ftags&post=3380"}],"curies":[{"name":"wp","href":"https:\/\/api.w.org\/{rel}","templated":true}]}}