{"id":3390,"date":"2025-04-07T10:55:11","date_gmt":"2025-04-07T10:55:11","guid":{"rendered":"https:\/\/angolaemb-se.org\/?p=3390"},"modified":"2025-04-20T00:13:54","modified_gmt":"2025-04-20T00:13:54","slug":"comunidade-angolana-na-suecia-e-nos-paises-nordicos-celebrou-o-dia-da-paz-e-da-reconciliacao-nacional","status":"publish","type":"post","link":"https:\/\/angolaemb-se.org\/?p=3390","title":{"rendered":"COMUNIDADE ANGOLANA NA SU\u00c9CIA E PA\u00cdSES N\u00d3RDICOS CELEBROU O DIA DA PAZ E DA RECONCILIA\u00c7\u00c3O NACIONAL"},"content":{"rendered":"\t\t<div data-elementor-type=\"wp-post\" data-elementor-id=\"3390\" class=\"elementor elementor-3390\">\n\t\t\t\t<div class=\"elementor-element elementor-element-b391616 e-flex e-con-boxed e-con e-parent\" data-id=\"b391616\" data-element_type=\"container\" data-e-type=\"container\">\n\t\t\t\t\t<div class=\"e-con-inner\">\n\t\t\t\t<div class=\"elementor-element elementor-element-f459af0 elementor-widget elementor-widget-text-editor\" data-id=\"f459af0\" data-element_type=\"widget\" data-e-type=\"widget\" data-widget_type=\"text-editor.default\">\n\t\t\t\t<div class=\"elementor-widget-container\">\n\t\t\t\t\t\t\t\t\t<p>A comunidade angolana residente na Rep\u00fablica da Su\u00e9cia e nos demais Pa\u00edses N\u00f3rdicos celebrou, no passado dia 4 de abril de 2025, o <strong>Dia da Paz e da Reconcilia\u00e7\u00e3o Nacional<\/strong> com um programa de atividades pol\u00edticas e recreativas.<\/p><p>A celebra\u00e7\u00e3o teve lugar nas instala\u00e7\u00f5es da Miss\u00e3o Diplom\u00e1tica, localizada em Pyramidv\u00e4gen 7, 169 56 Solna (Estocolmo), e reuniu cidad\u00e3os angolanos com o prop\u00f3sito de assinalar esta importante efem\u00e9ride. A iniciativa visou refor\u00e7ar os la\u00e7os entre a representa\u00e7\u00e3o diplom\u00e1tica e a di\u00e1spora angolana, destacando a paz como um pilar essencial para o desenvolvimento sustent\u00e1vel de Angola.<\/p><p>O evento foi marcado por uma exposi\u00e7\u00e3o, que contava a traject\u00f3ria desde as negocia\u00e7\u00f5es para o Acordo de Paz que culminou com a paz em Angola, a sua relev\u00e2ncia e os ganhos alcan\u00e7ados com esta t\u00e3o almejada paz e reconcilia\u00e7\u00e3o nacional.<\/p><p>Todo este percurso foi cuidadosamente explicado aos presentes, pela Chefe de Miss\u00e3o Diplom\u00e1tica, Sua Excel\u00eancia Embaixadora <strong>Cec\u00edlia Ros\u00e1rio<\/strong>, que enfatizou o contributo da Di\u00e1spora nesta conquista.<\/p><p>O Dia da Paz e da Reconcilia\u00e7\u00e3o Nacional, celebrado anualmente, marca o fim do conflito armado em Angola e simboliza o compromisso coletivo com a estabilidade, a unidade e o progresso do pa\u00eds.<\/p>\t\t\t\t\t\t\t\t<\/div>\n\t\t\t\t<\/div>\n\t\t\t\t\t<\/div>\n\t\t\t\t<\/div>\n\t\t\t\t<\/div>\n\t\t","protected":false},"excerpt":{"rendered":"<p>A comunidade angolana residente na Rep\u00fablica da Su\u00e9cia e nos demais Pa\u00edses N\u00f3rdicos celebrou, no passado dia 4 de abril de 2025, o Dia da Paz e da Reconcilia\u00e7\u00e3o Nacional com um programa de atividades pol\u00edticas e recreativas. A celebra\u00e7\u00e3o teve lugar nas instala\u00e7\u00f5es da Miss\u00e3o Diplom\u00e1tica, localizada em Pyramidv\u00e4gen 7, 169 56 Solna (Estocolmo),&hellip;<\/p>\n","protected":false},"author":1,"featured_media":3391,"comment_status":"closed","ping_status":"closed","sticky":false,"template":"","format":"standard","meta":{"om_disable_all_campaigns":false,"_themeisle_gutenberg_block_has_review":false,"footnotes":""},"categories":[6,7],"tags":[],"class_list":["post-3390","post","type-post","status-publish","format-standard","has-post-thumbnail","hentry","category-events","category-international"],"aioseo_notices":[],"_links":{"self":[{"href":"https:\/\/angolaemb-se.org\/index.php?rest_route=\/wp\/v2\/posts\/3390","targetHints":{"allow":["GET"]}}],"collection":[{"href":"https:\/\/angolaemb-se.org\/index.php?rest_route=\/wp\/v2\/posts"}],"about":[{"href":"https:\/\/angolaemb-se.org\/index.php?rest_route=\/wp\/v2\/types\/post"}],"author":[{"embeddable":true,"href":"https:\/\/angolaemb-se.org\/index.php?rest_route=\/wp\/v2\/users\/1"}],"replies":[{"embeddable":true,"href":"https:\/\/angolaemb-se.org\/index.php?rest_route=%2Fwp%2Fv2%2Fcomments&post=3390"}],"version-history":[{"count":14,"href":"https:\/\/angolaemb-se.org\/index.php?rest_route=\/wp\/v2\/posts\/3390\/revisions"}],"predecessor-version":[{"id":3413,"href":"https:\/\/angolaemb-se.org\/index.php?rest_route=\/wp\/v2\/posts\/3390\/revisions\/3413"}],"wp:featuredmedia":[{"embeddable":true,"href":"https:\/\/angolaemb-se.org\/index.php?rest_route=\/wp\/v2\/media\/3391"}],"wp:attachment":[{"href":"https:\/\/angolaemb-se.org\/index.php?rest_route=%2Fwp%2Fv2%2Fmedia&parent=3390"}],"wp:term":[{"taxonomy":"category","embeddable":true,"href":"https:\/\/angolaemb-se.org\/index.php?rest_route=%2Fwp%2Fv2%2Fcategories&post=3390"},{"taxonomy":"post_tag","embeddable":true,"href":"https:\/\/angolaemb-se.org\/index.php?rest_route=%2Fwp%2Fv2%2Ftags&post=3390"}],"curies":[{"name":"wp","href":"https:\/\/api.w.org\/{rel}","templated":true}]}}