{"id":3414,"date":"2025-05-06T08:07:31","date_gmt":"2025-05-06T08:07:31","guid":{"rendered":"https:\/\/angolaemb-se.org\/?p=3414"},"modified":"2025-05-07T22:21:29","modified_gmt":"2025-05-07T22:21:29","slug":"celebracao-do-dia-mundial-da-lingua-portuguesa","status":"publish","type":"post","link":"https:\/\/angolaemb-se.org\/?p=3414","title":{"rendered":"CELEBRA\u00c7\u00c3O DO DIA MUNDIAL DA L\u00cdNGUA PORTUGUESA"},"content":{"rendered":"\t\t<div data-elementor-type=\"wp-post\" data-elementor-id=\"3414\" class=\"elementor elementor-3414\">\n\t\t\t\t<div class=\"elementor-element elementor-element-4140f10 e-flex e-con-boxed e-con e-parent\" data-id=\"4140f10\" data-element_type=\"container\" data-e-type=\"container\">\n\t\t\t\t\t<div class=\"e-con-inner\">\n\t\t\t\t<div class=\"elementor-element elementor-element-f87c351 elementor-widget elementor-widget-text-editor\" data-id=\"f87c351\" data-element_type=\"widget\" data-e-type=\"widget\" data-widget_type=\"text-editor.default\">\n\t\t\t\t<div class=\"elementor-widget-container\">\n\t\t\t\t\t\t\t\t\t<p class=\"MsoNormal\" style=\"text-align:justify;tab-stops:126.0pt\"><span style=\"font-size:11.5pt;line-height:115%\">No \u00e2mbito das celebra\u00e7\u00f5es do M\u00eas da\nL\u00edngua Portuguesa, realizou-se um evento no dia 5 de Maio de 2025, em\ncelebra\u00e7\u00e3o do Dia Mundial da L\u00edngua Portuguesa, que decorreu na Biblioteca da\nUniversidade de Estocolmo. As actividades foram organizadas pelas Embaixadas de\nAngola, Brasil, Mo\u00e7ambique, Portugal, Consulado Honor\u00e1rio de Cabo Verde, e Instituto\nCam\u00f5es I.P.<o:p><\/o:p><\/span><\/p><p class=\"MsoNormal\" style=\"text-align:justify;tab-stops:126.0pt\"><span style=\"font-size:11.5pt;line-height:115%\">O evento, que teve lugar na\nBiblioteca da Universidade de Estocolmo, teve in\u00edcio \u00e0s 17h00, com uma mensagem\nde <b>Jorge Carlos de Almeida Fonseca<\/b>, ex-presidente de Cabo Verde. <o:p><\/o:p><\/span><\/p><p class=\"MsoNormal\" style=\"text-align:justify;tab-stops:126.0pt\"><span style=\"font-size:11.5pt;line-height:115%\">De seguida, houve uma mesa-redonda subordinada\nao tema: \u201cO portugu\u00eas como l\u00edngua pluric\u00eantrica e pluricultural\u201d, que foi\nmoderada por <b>Laura \u00c1lvarez L\u00f3pez<\/b>, professora de lingu\u00edstica portuguesa\nna Universidade de Estocolmo. A mesa-redonda contou a participa\u00e7\u00e3o de representantes\nde Angola \u2013 Dra. <b>Paula Henriques<\/b>, Coordenadora da Comiss\u00e3o Nacional de\nAngola para o Instituto Internacional de L\u00edngua Portuguesa; do Brasil \u2013 <b>Carla\nMadeira<\/b>, Escritora; de Mo\u00e7ambique \u2013 <b>V\u00edtor Justino<\/b>, Professor; e de Portugal\n\u2013 <b>Joaquim Ramos<\/b>, Vogal do Conselho Directivo do Instituto Cam\u00f5es I.P.<o:p><\/o:p><\/span><\/p><p class=\"MsoNormal\" style=\"text-align:justify;tab-stops:126.0pt\"><span style=\"font-size:11.5pt;line-height:115%\">Na sequ\u00eancia, teve lugar um Concerto\ndo Trio Saudade, formado por <b>Filipe Minhava<\/b> de Portugal (guitarra\nportuguesa), <b>Aida Conde<\/b> de Portugal\/Mo\u00e7ambique (voz) e <b>Caio Marques<\/b>\ndo Brasil (cavaquinho), com participa\u00e7\u00e3o de <b>Celso Paco<\/b> de Mo\u00e7ambique.<o:p><\/o:p><\/span><\/p><p class=\"MsoNormal\" style=\"text-align:justify;tab-stops:126.0pt\"><span style=\"font-size:11.5pt;line-height:115%\">No final foi poss\u00edvel degustar um\npouco da gastronomia dos pa\u00edses lus\u00f3fonos presentes. <o:p><\/o:p><\/span><\/p><p>\n\n\n\n\n\n\n\n\n\n<\/p><p class=\"MsoNormal\" style=\"text-align:justify;tab-stops:126.0pt\"><span style=\"font-size:11.5pt;line-height:115%\">Esta celebra\u00e7\u00e3o marcou o in\u00edcio de\numa s\u00e9rie de actividades culturais que continuar\u00e3o ao longo do m\u00eas em\nEstocolmo, incluindo sess\u00f5es de cinema em portugu\u00eas, debates, e outras\niniciativas dedicadas \u00e0 promo\u00e7\u00e3o da l\u00edngua portuguesa e das culturas lus\u00f3fonas.&nbsp;<o:p><\/o:p><\/span><\/p>\t\t\t\t\t\t\t\t<\/div>\n\t\t\t\t<\/div>\n\t\t\t\t\t<\/div>\n\t\t\t\t<\/div>\n\t\t\t\t<\/div>\n\t\t","protected":false},"excerpt":{"rendered":"<p>No \u00e2mbito das celebra\u00e7\u00f5es do M\u00eas da L\u00edngua Portuguesa, realizou-se um evento no dia 5 de Maio de 2025, em celebra\u00e7\u00e3o do Dia Mundial da L\u00edngua Portuguesa, que decorreu na Biblioteca da Universidade de Estocolmo. As actividades foram organizadas pelas Embaixadas de Angola, Brasil, Mo\u00e7ambique, Portugal, Consulado Honor\u00e1rio de Cabo Verde, e Instituto Cam\u00f5es I.P.&hellip;<\/p>\n","protected":false},"author":1,"featured_media":3421,"comment_status":"closed","ping_status":"closed","sticky":false,"template":"","format":"standard","meta":{"om_disable_all_campaigns":false,"_themeisle_gutenberg_block_has_review":false,"footnotes":""},"categories":[6],"tags":[],"class_list":["post-3414","post","type-post","status-publish","format-standard","has-post-thumbnail","hentry","category-events"],"aioseo_notices":[],"_links":{"self":[{"href":"https:\/\/angolaemb-se.org\/index.php?rest_route=\/wp\/v2\/posts\/3414","targetHints":{"allow":["GET"]}}],"collection":[{"href":"https:\/\/angolaemb-se.org\/index.php?rest_route=\/wp\/v2\/posts"}],"about":[{"href":"https:\/\/angolaemb-se.org\/index.php?rest_route=\/wp\/v2\/types\/post"}],"author":[{"embeddable":true,"href":"https:\/\/angolaemb-se.org\/index.php?rest_route=\/wp\/v2\/users\/1"}],"replies":[{"embeddable":true,"href":"https:\/\/angolaemb-se.org\/index.php?rest_route=%2Fwp%2Fv2%2Fcomments&post=3414"}],"version-history":[{"count":6,"href":"https:\/\/angolaemb-se.org\/index.php?rest_route=\/wp\/v2\/posts\/3414\/revisions"}],"predecessor-version":[{"id":3424,"href":"https:\/\/angolaemb-se.org\/index.php?rest_route=\/wp\/v2\/posts\/3414\/revisions\/3424"}],"wp:featuredmedia":[{"embeddable":true,"href":"https:\/\/angolaemb-se.org\/index.php?rest_route=\/wp\/v2\/media\/3421"}],"wp:attachment":[{"href":"https:\/\/angolaemb-se.org\/index.php?rest_route=%2Fwp%2Fv2%2Fmedia&parent=3414"}],"wp:term":[{"taxonomy":"category","embeddable":true,"href":"https:\/\/angolaemb-se.org\/index.php?rest_route=%2Fwp%2Fv2%2Fcategories&post=3414"},{"taxonomy":"post_tag","embeddable":true,"href":"https:\/\/angolaemb-se.org\/index.php?rest_route=%2Fwp%2Fv2%2Ftags&post=3414"}],"curies":[{"name":"wp","href":"https:\/\/api.w.org\/{rel}","templated":true}]}}