{"id":3432,"date":"2025-05-28T08:54:24","date_gmt":"2025-05-28T08:54:24","guid":{"rendered":"https:\/\/angolaemb-se.org\/?p=3432"},"modified":"2025-06-02T10:24:08","modified_gmt":"2025-06-02T10:24:08","slug":"celebracao-do-dia-da-africa","status":"publish","type":"post","link":"https:\/\/angolaemb-se.org\/?p=3432","title":{"rendered":"CELEBRA\u00c7\u00c3O DO DIA DA \u00c1FRICA"},"content":{"rendered":"\t\t<div data-elementor-type=\"wp-post\" data-elementor-id=\"3432\" class=\"elementor elementor-3432\">\n\t\t\t\t<div class=\"elementor-element elementor-element-497f3a0 e-flex e-con-boxed e-con e-parent\" data-id=\"497f3a0\" data-element_type=\"container\" data-e-type=\"container\">\n\t\t\t\t\t<div class=\"e-con-inner\">\n\t\t\t\t<div class=\"elementor-element elementor-element-329485a elementor-widget elementor-widget-text-editor\" data-id=\"329485a\" data-element_type=\"widget\" data-e-type=\"widget\" data-widget_type=\"text-editor.default\">\n\t\t\t\t<div class=\"elementor-widget-container\">\n\t\t\t\t\t\t\t\t\t<p class=\"MsoNormal\" style=\"text-align:justify\">No passado dia 27 de Maio, a\nEmbaixada da Rep\u00fablica de Angola na Su\u00e9cia e Pa\u00edses N\u00f3rdicos participou nas\ncelebra\u00e7\u00f5es do Dia da \u00c1frica, que se realizaram na Resid\u00eancia Oficial do\nEmbaixador da Rep\u00fablica \u00c1rabe do Egito.<o:p><\/o:p><\/p><p class=\"MsoNormal\" style=\"text-align:justify\">A cerim\u00f3nia contou com a presen\u00e7a\nde Sua Excel\u00eancia <b>Maria Malmer Stenergard<\/b>, Ministra dos Neg\u00f3cios\nEstrangeiros da Su\u00e9cia, como convidada de honra, que no seu discurso, destacou\no compromisso da Su\u00e9cia e da Uni\u00e3o Europeia com \u00c1frica, sublinhando o interesse\nem fortalecer parcerias nos dom\u00ednios da transforma\u00e7\u00e3o ecol\u00f3gica e digital.<o:p><\/o:p><\/p><p class=\"MsoNormal\" style=\"text-align:justify\">&nbsp;O evento reuniu embaixadores e demais membros\ndo corpo diplom\u00e1tico acreditados na Su\u00e9cia, membros do Parlamento sueco,\nacad\u00e9micos, representantes do sector privado e amigos de \u00c1frica, reflectindo os\nla\u00e7os duradouros de amizade e coopera\u00e7\u00e3o entre a Su\u00e9cia e os pa\u00edses africanos.<o:p><\/o:p><\/p><p class=\"MsoNormal\" style=\"text-align:justify\">A celebra\u00e7\u00e3o foi enriquecida por\nexpress\u00f5es culturais africanas, com m\u00fasica, dan\u00e7a e gastronomia tradicional,\ncelebrando a diversidade e unidade do continente africano.<o:p><\/o:p><\/p><p class=\"MsoNormal\" style=\"text-align:justify\">A ocasi\u00e3o permitiu tamb\u00e9m\nrefletir sobre o tema da Uni\u00e3o Africana para 2025:<o:p><\/o:p><\/p><p class=\"MsoNormal\" style=\"text-align:justify\"><b>\u201cJusti\u00e7a para os africanos e\npessoas de ascend\u00eancia africana: desbloquear o com\u00e9rcio e o investimento para o\nfuturo.\u201d<o:p><\/o:p><\/b><\/p><p>\n\n\n\n\n\n\n\n\n\n\n\n<\/p><p class=\"MsoNormal\" style=\"text-align:justify\">Um momento marcante de di\u00e1logo,\ncompromisso e celebra\u00e7\u00e3o da identidade africana, que refor\u00e7a a vis\u00e3o de um\nfuturo mais justo, inclusivo e sustent\u00e1vel.<o:p><\/o:p><\/p>\t\t\t\t\t\t\t\t<\/div>\n\t\t\t\t<\/div>\n\t\t\t\t\t<\/div>\n\t\t\t\t<\/div>\n\t\t\t\t<\/div>\n\t\t","protected":false},"excerpt":{"rendered":"<p>No passado dia 27 de Maio, a Embaixada da Rep\u00fablica de Angola na Su\u00e9cia e Pa\u00edses N\u00f3rdicos participou nas celebra\u00e7\u00f5es do Dia da \u00c1frica, que se realizaram na Resid\u00eancia Oficial do Embaixador da Rep\u00fablica \u00c1rabe do Egito. A cerim\u00f3nia contou com a presen\u00e7a de Sua Excel\u00eancia Maria Malmer Stenergard, Ministra dos Neg\u00f3cios Estrangeiros da Su\u00e9cia,&hellip;<\/p>\n","protected":false},"author":1,"featured_media":3433,"comment_status":"closed","ping_status":"closed","sticky":false,"template":"","format":"standard","meta":{"om_disable_all_campaigns":false,"_themeisle_gutenberg_block_has_review":false,"footnotes":""},"categories":[6],"tags":[],"class_list":["post-3432","post","type-post","status-publish","format-standard","has-post-thumbnail","hentry","category-events"],"aioseo_notices":[],"_links":{"self":[{"href":"https:\/\/angolaemb-se.org\/index.php?rest_route=\/wp\/v2\/posts\/3432","targetHints":{"allow":["GET"]}}],"collection":[{"href":"https:\/\/angolaemb-se.org\/index.php?rest_route=\/wp\/v2\/posts"}],"about":[{"href":"https:\/\/angolaemb-se.org\/index.php?rest_route=\/wp\/v2\/types\/post"}],"author":[{"embeddable":true,"href":"https:\/\/angolaemb-se.org\/index.php?rest_route=\/wp\/v2\/users\/1"}],"replies":[{"embeddable":true,"href":"https:\/\/angolaemb-se.org\/index.php?rest_route=%2Fwp%2Fv2%2Fcomments&post=3432"}],"version-history":[{"count":3,"href":"https:\/\/angolaemb-se.org\/index.php?rest_route=\/wp\/v2\/posts\/3432\/revisions"}],"predecessor-version":[{"id":3436,"href":"https:\/\/angolaemb-se.org\/index.php?rest_route=\/wp\/v2\/posts\/3432\/revisions\/3436"}],"wp:featuredmedia":[{"embeddable":true,"href":"https:\/\/angolaemb-se.org\/index.php?rest_route=\/wp\/v2\/media\/3433"}],"wp:attachment":[{"href":"https:\/\/angolaemb-se.org\/index.php?rest_route=%2Fwp%2Fv2%2Fmedia&parent=3432"}],"wp:term":[{"taxonomy":"category","embeddable":true,"href":"https:\/\/angolaemb-se.org\/index.php?rest_route=%2Fwp%2Fv2%2Fcategories&post=3432"},{"taxonomy":"post_tag","embeddable":true,"href":"https:\/\/angolaemb-se.org\/index.php?rest_route=%2Fwp%2Fv2%2Ftags&post=3432"}],"curies":[{"name":"wp","href":"https:\/\/api.w.org\/{rel}","templated":true}]}}