{"id":3447,"date":"2025-08-25T10:16:50","date_gmt":"2025-08-25T10:16:50","guid":{"rendered":"https:\/\/angolaemb-se.org\/?p=3447"},"modified":"2025-08-29T10:31:21","modified_gmt":"2025-08-29T10:31:21","slug":"celebracao-do-dia-da-sadc-2025","status":"publish","type":"post","link":"https:\/\/angolaemb-se.org\/?p=3447","title":{"rendered":"CELEBRA\u00c7\u00c3O DO DIA DA SADC 2025"},"content":{"rendered":"\t\t<div data-elementor-type=\"wp-post\" data-elementor-id=\"3447\" class=\"elementor elementor-3447\">\n\t\t\t\t<div class=\"elementor-element elementor-element-e82cf64 e-flex e-con-boxed e-con e-parent\" data-id=\"e82cf64\" data-element_type=\"container\" data-e-type=\"container\">\n\t\t\t\t\t<div class=\"e-con-inner\">\n\t\t\t\t<div class=\"elementor-element elementor-element-7efc214 elementor-widget elementor-widget-text-editor\" data-id=\"7efc214\" data-element_type=\"widget\" data-e-type=\"widget\" data-widget_type=\"text-editor.default\">\n\t\t\t\t<div class=\"elementor-widget-container\">\n\t\t\t\t\t\t\t\t\t<p class=\"MsoNormal\" style=\"text-align: justify;\">A Embaixada da Rep\u00fablica de Angola no Reino da Su\u00e9cia e Pa\u00edses N\u00f3rdicos teve a honra de sediar, no passado s\u00e1bado, dia 23, na Resid\u00eancia Oficial, em Estocolmo, a cerim\u00f3nia alusiva \u00e0 Celebra\u00e7\u00e3o do Dia da SADC 2025.<\/p><p class=\"MsoNormal\" style=\"text-align: justify;\">O evento foi marcado por um vasto programa cultural, que incluiu exposi\u00e7\u00f5es de arte, artesanato e tradi\u00e7\u00f5es dos diferentes Estados-Membros da Comunidade de Desenvolvimento da \u00c1frica Austral (SADC). Destacou-se igualmente a realiza\u00e7\u00e3o de um banquete gastron\u00f3mico, no qual foram apresentados aos distintos convidados os sabores t\u00edpicos da regi\u00e3o, proporcionando uma experi\u00eancia cultural abrangente e enriquecedora.<\/p><p>\u00a0<\/p><p class=\"MsoNormal\" style=\"text-align: justify;\">A celebra\u00e7\u00e3o constituiu uma oportunidade \u00edmpar para enaltecer os valores de solidariedade, unidade e coopera\u00e7\u00e3o que norteiam a SADC, reafirmando o compromisso comum dos seus Estados-Membros com a integra\u00e7\u00e3o regional, a paz, a estabilidade e o desenvolvimento sustent\u00e1vel dos povos da \u00c1frica Austral.<\/p>\t\t\t\t\t\t\t\t<\/div>\n\t\t\t\t<\/div>\n\t\t\t\t\t<\/div>\n\t\t\t\t<\/div>\n\t\t<div class=\"elementor-element elementor-element-c8ed802 e-flex e-con-boxed e-con e-parent\" data-id=\"c8ed802\" data-element_type=\"container\" data-e-type=\"container\">\n\t\t\t\t\t<div class=\"e-con-inner\">\n\t\t\t\t<div class=\"elementor-element elementor-element-823cbe5 elementor-widget elementor-widget-image\" data-id=\"823cbe5\" data-element_type=\"widget\" data-e-type=\"widget\" data-widget_type=\"image.default\">\n\t\t\t\t<div class=\"elementor-widget-container\">\n\t\t\t\t\t\t\t\t\t\t\t\t\t\t\t<img fetchpriority=\"high\" decoding=\"async\" width=\"1024\" height=\"683\" src=\"https:\/\/angolaemb-se.org\/wp-content\/uploads\/2025\/08\/SADC-2025-2-1-1024x683.jpg\" class=\"attachment-large size-large wp-image-3455\" alt=\"\" srcset=\"https:\/\/angolaemb-se.org\/wp-content\/uploads\/2025\/08\/SADC-2025-2-1-1024x683.jpg 1024w, https:\/\/angolaemb-se.org\/wp-content\/uploads\/2025\/08\/SADC-2025-2-1-400x267.jpg 400w, https:\/\/angolaemb-se.org\/wp-content\/uploads\/2025\/08\/SADC-2025-2-1-768x512.jpg 768w, https:\/\/angolaemb-se.org\/wp-content\/uploads\/2025\/08\/SADC-2025-2-1.jpg 1500w\" sizes=\"(max-width: 1024px) 100vw, 1024px\" \/>\t\t\t\t\t\t\t\t\t\t\t\t\t\t\t<\/div>\n\t\t\t\t<\/div>\n\t\t\t\t\t<\/div>\n\t\t\t\t<\/div>\n\t\t<div class=\"elementor-element elementor-element-d5b1d03 e-flex e-con-boxed e-con e-parent\" data-id=\"d5b1d03\" data-element_type=\"container\" data-e-type=\"container\">\n\t\t\t\t\t<div class=\"e-con-inner\">\n\t\t\t\t<div class=\"elementor-element elementor-element-61692dc elementor-widget elementor-widget-text-editor\" data-id=\"61692dc\" data-element_type=\"widget\" data-e-type=\"widget\" data-widget_type=\"text-editor.default\">\n\t\t\t\t<div class=\"elementor-widget-container\">\n\t\t\t\t\t\t\t\t\t<p class=\"MsoNormal\" style=\"margin-bottom:0cm\"><b>SADC: HIST\u00d3RIA E MISS\u00c3O<o:p><\/o:p><\/b><\/p><p class=\"MsoNormal\" style=\"text-align:justify\"><br>\nA SADC re\u00fane 16 Estados-Membros: Angola, Botsuana, Comores, Rep\u00fablica\nDemocr\u00e1tica do Congo, Essuat\u00edni, Lesoto, Madag\u00e1scar, Malawi, Maur\u00edcia,\nMo\u00e7ambique, Nam\u00edbia, Seicheles, \u00c1frica do Sul, Tanz\u00e2nia, Z\u00e2mbia e Zimb\u00e1bue. A\norganiza\u00e7\u00e3o tem como miss\u00e3o promover o crescimento econ\u00f4mico sustent\u00e1vel, a\nintegra\u00e7\u00e3o regional e o desenvolvimento socioecon\u00f4mico, com \u00eanfase na boa\ngovernan\u00e7a, coopera\u00e7\u00e3o, paz e seguran\u00e7a.<o:p><\/o:p><\/p><p>\n\n\n\n<\/p><p class=\"MsoNormal\" style=\"text-align:justify\">Criada no contexto das lutas de\nindepend\u00eancia africanas entre as d\u00e9cadas de 1960 e 1970, a comunidade nasceu\ncom o objetivo de apoiar os pa\u00edses ainda sob domina\u00e7\u00e3o colonial. Ao longo do\ntempo, evoluiu para um modelo voltado \u00e0 integra\u00e7\u00e3o socioecon\u00f4mica, \u00e0\nestabilidade pol\u00edtica e \u00e0 promo\u00e7\u00e3o da paz regional, consolidando-se como ator\nestrat\u00e9gico nas rela\u00e7\u00f5es internacionais.<o:p><\/o:p><\/p>\t\t\t\t\t\t\t\t<\/div>\n\t\t\t\t<\/div>\n\t\t\t\t\t<\/div>\n\t\t\t\t<\/div>\n\t\t\t\t<\/div>\n\t\t","protected":false},"excerpt":{"rendered":"<p>A Embaixada da Rep\u00fablica de Angola no Reino da Su\u00e9cia e Pa\u00edses N\u00f3rdicos teve a honra de sediar, no passado s\u00e1bado, dia 23, na Resid\u00eancia Oficial, em Estocolmo, a cerim\u00f3nia alusiva \u00e0 Celebra\u00e7\u00e3o do Dia da SADC 2025. O evento foi marcado por um vasto programa cultural, que incluiu exposi\u00e7\u00f5es de arte, artesanato e tradi\u00e7\u00f5es&hellip;<\/p>\n","protected":false},"author":1,"featured_media":3460,"comment_status":"closed","ping_status":"closed","sticky":false,"template":"","format":"standard","meta":{"om_disable_all_campaigns":false,"_themeisle_gutenberg_block_has_review":false,"footnotes":""},"categories":[6],"tags":[],"class_list":["post-3447","post","type-post","status-publish","format-standard","has-post-thumbnail","hentry","category-events"],"aioseo_notices":[],"_links":{"self":[{"href":"https:\/\/angolaemb-se.org\/index.php?rest_route=\/wp\/v2\/posts\/3447","targetHints":{"allow":["GET"]}}],"collection":[{"href":"https:\/\/angolaemb-se.org\/index.php?rest_route=\/wp\/v2\/posts"}],"about":[{"href":"https:\/\/angolaemb-se.org\/index.php?rest_route=\/wp\/v2\/types\/post"}],"author":[{"embeddable":true,"href":"https:\/\/angolaemb-se.org\/index.php?rest_route=\/wp\/v2\/users\/1"}],"replies":[{"embeddable":true,"href":"https:\/\/angolaemb-se.org\/index.php?rest_route=%2Fwp%2Fv2%2Fcomments&post=3447"}],"version-history":[{"count":9,"href":"https:\/\/angolaemb-se.org\/index.php?rest_route=\/wp\/v2\/posts\/3447\/revisions"}],"predecessor-version":[{"id":3463,"href":"https:\/\/angolaemb-se.org\/index.php?rest_route=\/wp\/v2\/posts\/3447\/revisions\/3463"}],"wp:featuredmedia":[{"embeddable":true,"href":"https:\/\/angolaemb-se.org\/index.php?rest_route=\/wp\/v2\/media\/3460"}],"wp:attachment":[{"href":"https:\/\/angolaemb-se.org\/index.php?rest_route=%2Fwp%2Fv2%2Fmedia&parent=3447"}],"wp:term":[{"taxonomy":"category","embeddable":true,"href":"https:\/\/angolaemb-se.org\/index.php?rest_route=%2Fwp%2Fv2%2Fcategories&post=3447"},{"taxonomy":"post_tag","embeddable":true,"href":"https:\/\/angolaemb-se.org\/index.php?rest_route=%2Fwp%2Fv2%2Ftags&post=3447"}],"curies":[{"name":"wp","href":"https:\/\/api.w.org\/{rel}","templated":true}]}}