{"id":898,"date":"2023-10-11T07:05:13","date_gmt":"2023-10-11T07:05:13","guid":{"rendered":"https:\/\/the7.io\/beauty-studio\/?p=898"},"modified":"2023-11-05T15:13:58","modified_gmt":"2023-11-05T15:13:58","slug":"angosat-2-conecta-mais-de-150-localidades-em-16-provincias","status":"publish","type":"post","link":"https:\/\/angolaemb-se.org\/?p=898","title":{"rendered":"Angosat-2 conecta mais de 150 localidades em 16 prov\u00edncias"},"content":{"rendered":"\t\t<div data-elementor-type=\"wp-post\" data-elementor-id=\"898\" class=\"elementor elementor-898\">\n\t\t\t\t<div class=\"elementor-element elementor-element-2fff866c e-flex e-con-boxed e-con e-parent\" data-id=\"2fff866c\" data-element_type=\"container\" data-e-type=\"container\">\n\t\t\t\t\t<div class=\"e-con-inner\">\n\t\t\t\t<div class=\"elementor-element elementor-element-188d0d10 elementor-widget elementor-widget-text-editor\" data-id=\"188d0d10\" data-element_type=\"widget\" data-e-type=\"widget\" data-widget_type=\"text-editor.default\">\n\t\t\t\t<div class=\"elementor-widget-container\">\n\t\t\t\t\t\t\t\t\t<p style=\"text-align: justify;\">A Internet, segundo o governante, traduz &#8220;ci\u00eancia, educa\u00e7\u00e3o e conhecimento\u201d, raz\u00e3o pela qual &#8220;os angolanos t\u00eam o direito de estar conectados ao mundo\u201d, de modo a acompanharem a evolu\u00e7\u00e3o que se quer nos dias de hoje, sem precisar de sair do pa\u00eds.<p>\n<p style=\"text-align: justify;\">Entre outros benef\u00edcios do investimento no &#8220;Conecta Angola\u201d, apontou o facto de permitir uma literacia digital elevada para servir os interesses de todos. Acrescentou que este suporte directo do projecto Angosat-2 est\u00e1 a evoluir, na medida em que possibilita, a cada dia, a expans\u00e3o da rede de banda larga, atrav\u00e9s da fibra \u00f3ptica pelo pa\u00eds.<\/p>\n<p style=\"text-align: justify;\">Na vertente da capacita\u00e7\u00e3o e evolu\u00e7\u00e3o do sector, destacou o crescimento da ind\u00fastria e tecnologia espaciais, que t\u00eam permitido a digitaliza\u00e7\u00e3o e moderniza\u00e7\u00e3o do pa\u00eds. Destacou, igualmente, a implementa\u00e7\u00e3o efectiva, no pr\u00f3ximo ano, deste tipo\u00a0 de servi\u00e7os nas regi\u00f5es Leste e Sudeste do pa\u00eds.<\/p>\n<p style=\"text-align: justify;\">&#8220;O sector \u00e9 din\u00e2mico e abrangente para todos, incluindo as popula\u00e7\u00f5es das zonas mais rec\u00f4nditas do pa\u00eds\u201d, garantiu M\u00e1rio Oliveira, apelando, por isso, \u00e0 forma\u00e7\u00e3o permanente dos cidad\u00e3os, para uma vis\u00e3o \u00e0 altura daquilo que a Internet representa no mundo.<\/p>\n<p style=\"text-align: justify;\">Ainda no \u00e2mbito das val\u00eancias do Angosat-2, o ministro M\u00e1rio Oliveira disse terem sido lan\u00e7adas quatro novas startups, para a melhoria, monitoramento, visualiza\u00e7\u00e3o, mapeamento, an\u00e1lise e detec\u00e7\u00e3o de sinal em tempo real.<\/p>\n<p style=\"text-align: justify;\">Entre as startups constam a Tech-Minas, que funciona para as actividades mineiras e o aumento de seguran\u00e7a, de modo a diminuir o risco no ambiente; e a Tech-Ecologia, enquadrada no monitoramento nos derivados de petr\u00f3leo, gases com efeito\u00a0 estufa e a desfloresta\u00e7\u00e3o.<\/p>\n<p style=\"text-align: justify;\">No evento, o ministro das Telecomunica\u00e7\u00f5es, Tecnologias de Informa\u00e7\u00e3o e Co-munica\u00e7\u00e3o Social agraciou duas jovens com kits espaciais, o que representa uma recompensa pelo destaque do trabalho realizado nas escolas e durante toda a divulga\u00e7\u00e3o sobre conte\u00fados espaciais no pa\u00eds. Trata-se de kits de comunica\u00e7\u00e3o via sat\u00e9lite, (VSAT) que v\u00e3o permitir maior conectividade.<\/p>\n<p style=\"text-align: justify;\"><b>Servi\u00e7os da Banda KU abertos \u00e0 comercializa\u00e7\u00e3o das operadoras<\/b><\/p>\n<p style=\"text-align: justify;\">Os servi\u00e7os da Banda KU do Sat\u00e9lite Angolano (Angosat-2) est\u00e3o dispon\u00edveis para a comercializa\u00e7\u00e3o aos operadores, anunciou, ontem, o ministro das Telecomunica\u00e7\u00f5es, Tecnologias de Informa\u00e7\u00e3o e Comunica\u00e7\u00e3o Social.<\/p>\n<p style=\"text-align: justify;\">M\u00e1rio Oliveira, que deu a conhecer o facto no acto de encerramento da Semana do Espa\u00e7o, esclareceu que os interessados devem contactar o Gabinete de Gest\u00e3o do Programa Espacial Nacional.<\/p>\n<p style=\"font-weight: 400;\">Aos servi\u00e7os da Banda KU do Angosat-2 j\u00e1 aderiram \u00e0s operadoras MSTelcom, Infosi, Angola Telecom e a Infrasat SA.<\/p>\n<p style=\"text-align: justify;\">O ministro M\u00e1rio Oliveira real\u00e7ou o facto de a Semana do Espa\u00e7o, decorrida sob o lema &#8220;Espa\u00e7o e o empreendedorismo\u201d, ter tido como foco a realiza\u00e7\u00e3o dos 17 Objectivos de Desenvolvimento Sustent\u00e1vel (ODS).<\/p>\n<p style=\"text-align: justify;\">Angola, disse, concretizou tr\u00eas dos cinco ODS, nomeadamente a capacita\u00e7\u00e3o e promo\u00e7\u00e3o do sector espacial, crescimento da ind\u00fastria e tecnologias espaciais, bem como a afirma\u00e7\u00e3o internacional do Estado angolano no dom\u00ednio espacial.<\/p>\n<p style=\"text-align: justify;\">Socorrendo-se dos c\u00f3digos de sat\u00e9lites de \u00c1frica, o governante revelou que, em 2022, a economia espacial global cresceu cerca de 8 por cento, alcan\u00e7ando os 546 mil milh\u00f5es de d\u00f3lares. Nos pr\u00f3ximos cinco anos, prev\u00ea-se um crescimento de cerca de 45 por cento. At\u00e9 2030, estima-se um crescimento que atinja cerca de 1,1 trili\u00f5es de d\u00f3lares.<\/p>\n<p style=\"text-align: justify;\">Os pa\u00edses africanos contribu\u00edram, em 2023, com aproximadamente 125 milh\u00f5es de d\u00f3lares para o sistema de actividades que utilizam estruturas espaciais, revelou o ministro, para quem estas s\u00e3o cada vez maiores em todas as ac\u00e7\u00f5es, desde a hist\u00f3ria econ\u00f3mica \u00e0 esfera social de todos os pa\u00edses do continente.<\/p>\n<p style=\"text-align: justify;\"><b>&#8220;Conecta Angola\u201d<\/b><\/p>\n<p style=\"text-align: justify;\">O ministro admitiu que o &#8220;Conecta Angola\u201d, ferramenta tecnol\u00f3gica lan\u00e7ada na segunda-feira, vai permitir melhorar o ambiente de neg\u00f3cios, mas sublinhou que a sua implementa\u00e7\u00e3o efectiva passa, necessariamente, pelo processo de organiza\u00e7\u00e3o, do ponto de vista da documenta\u00e7\u00e3o, tal como se exige na legaliza\u00e7\u00e3o de uma empresa.<\/p>\t\t\t\t\t\t\t\t<\/div>\n\t\t\t\t<\/div>\n\t\t\t\t\t<\/div>\n\t\t\t\t<\/div>\n\t\t\t\t<\/div>\n\t\t","protected":false},"excerpt":{"rendered":"<p>O ministro das Telecomunica\u00e7\u00f5es, Tecnologias de Informa\u00e7\u00e3o e Comunica\u00e7\u00e3o Social, M\u00e1rio Oliveira, informou que 16 das 18 prov\u00edncias do pa\u00eds t\u00eam instalado um terminal de rede de comunica\u00e7\u00f5es via sat\u00e9lite (VSAT), conectado ao Angosat-2, o que representa mais de 150 instalados.<\/p>\n","protected":false},"author":1,"featured_media":2759,"comment_status":"closed","ping_status":"closed","sticky":false,"template":"","format":"standard","meta":{"om_disable_all_campaigns":false,"_themeisle_gutenberg_block_has_review":false,"footnotes":""},"categories":[8],"tags":[],"class_list":["post-898","post","type-post","status-publish","format-standard","has-post-thumbnail","hentry","category-technology"],"aioseo_notices":[],"_links":{"self":[{"href":"https:\/\/angolaemb-se.org\/index.php?rest_route=\/wp\/v2\/posts\/898","targetHints":{"allow":["GET"]}}],"collection":[{"href":"https:\/\/angolaemb-se.org\/index.php?rest_route=\/wp\/v2\/posts"}],"about":[{"href":"https:\/\/angolaemb-se.org\/index.php?rest_route=\/wp\/v2\/types\/post"}],"author":[{"embeddable":true,"href":"https:\/\/angolaemb-se.org\/index.php?rest_route=\/wp\/v2\/users\/1"}],"replies":[{"embeddable":true,"href":"https:\/\/angolaemb-se.org\/index.php?rest_route=%2Fwp%2Fv2%2Fcomments&post=898"}],"version-history":[{"count":12,"href":"https:\/\/angolaemb-se.org\/index.php?rest_route=\/wp\/v2\/posts\/898\/revisions"}],"predecessor-version":[{"id":2841,"href":"https:\/\/angolaemb-se.org\/index.php?rest_route=\/wp\/v2\/posts\/898\/revisions\/2841"}],"wp:featuredmedia":[{"embeddable":true,"href":"https:\/\/angolaemb-se.org\/index.php?rest_route=\/wp\/v2\/media\/2759"}],"wp:attachment":[{"href":"https:\/\/angolaemb-se.org\/index.php?rest_route=%2Fwp%2Fv2%2Fmedia&parent=898"}],"wp:term":[{"taxonomy":"category","embeddable":true,"href":"https:\/\/angolaemb-se.org\/index.php?rest_route=%2Fwp%2Fv2%2Fcategories&post=898"},{"taxonomy":"post_tag","embeddable":true,"href":"https:\/\/angolaemb-se.org\/index.php?rest_route=%2Fwp%2Fv2%2Ftags&post=898"}],"curies":[{"name":"wp","href":"https:\/\/api.w.org\/{rel}","templated":true}]}}